{"id":13832,"date":"2024-05-13T17:52:29","date_gmt":"2024-05-13T17:52:29","guid":{"rendered":"https:\/\/radiocresatelital.com\/?p=13832"},"modified":"2024-05-13T17:52:29","modified_gmt":"2024-05-13T17:52:29","slug":"intendencia-de-policia-del-guayas-intensifica-controles-con-comisarias-de-policia","status":"publish","type":"post","link":"https:\/\/radiocresatelital.com\/?p=13832","title":{"rendered":"Intendencia de Polic\u00eda del Guayas Intensifica controles con Comisar\u00edas de Polic\u00eda"},"content":{"rendered":"<p>Guayaquil.- Cumpliendo las directrices expresas del se\u00f1or gobernador del Guayas, Vicente Auad, la Intendencia de Polic\u00eda a trav\u00e9s de sus comisarios, ha intensificado los controles en establecimientos de la provincia.<\/p>\n<p>Uno de los casos destacados fue el operativo realizado por la Comisar\u00eda de Polic\u00eda en varios billares del cant\u00f3n Balzar, durante el \u00faltimo fin de semana.<\/p>\n<p>Durante la inspecci\u00f3n, se verific\u00f3 el Permiso Anual de Funcionamiento, presencia de menores de edad e indocumentados, y se evaluaron las medidas de seguridad establecidas.<\/p>\n<p>La gesti\u00f3n permiti\u00f3 identificar que varios propietarios de estos establecimientos de diversi\u00f3n no contaban con la documentaci\u00f3n, siendo suspendidas sus actividades de forma temporal y el pago de una multa econ\u00f3mica, hasta que regulen su situaci\u00f3n para funcionar conforme a las normativas.<\/p>\n<p>La Gobernaci\u00f3n del Guayas reafirma su compromiso con la seguridad y el cumplimiento de las regulaciones para garantizar un ambiente seguro para todos los ciudadanos. \u00a1Juntos construimos un Guayas m\u00e1s seguro<\/p>\n","protected":false},"excerpt":{"rendered":"<p>Guayaquil.- Cumpliendo las directrices expresas del se\u00f1or gobernador del Guayas, Vicente Auad, la Intendencia de Polic\u00eda a trav\u00e9s de sus comisarios, ha intensificado los controles en establecimientos de la provincia. Uno de los casos destacados fue el operativo realizado por la Comisar\u00eda de Polic\u00eda en varios billares del cant\u00f3n Balzar, durante el \u00faltimo fin de [&hellip;]<\/p>\n","protected":false},"author":2,"featured_media":13833,"comment_status":"open","ping_status":"closed","sticky":false,"template":"","format":"standard","meta":{"_jetpack_memberships_contains_paid_content":false,"footnotes":""},"categories":[13],"tags":[2274],"class_list":["post-13832","post","type-post","status-publish","format-standard","has-post-thumbnail","hentry","category-noticias-nacionales","tag-intendencia-de-policia-del-guayas"],"jetpack_featured_media_url":"https:\/\/radiocresatelital.com\/wp-content\/uploads\/2024\/05\/454c9094-4fc1-4c7f-be2e-f6afa9d8fccc.jpg","jetpack_sharing_enabled":true,"_links":{"self":[{"href":"https:\/\/radiocresatelital.com\/index.php?rest_route=\/wp\/v2\/posts\/13832","targetHints":{"allow":["GET"]}}],"collection":[{"href":"https:\/\/radiocresatelital.com\/index.php?rest_route=\/wp\/v2\/posts"}],"about":[{"href":"https:\/\/radiocresatelital.com\/index.php?rest_route=\/wp\/v2\/types\/post"}],"author":[{"embeddable":true,"href":"https:\/\/radiocresatelital.com\/index.php?rest_route=\/wp\/v2\/users\/2"}],"replies":[{"embeddable":true,"href":"https:\/\/radiocresatelital.com\/index.php?rest_route=%2Fwp%2Fv2%2Fcomments&post=13832"}],"version-history":[{"count":1,"href":"https:\/\/radiocresatelital.com\/index.php?rest_route=\/wp\/v2\/posts\/13832\/revisions"}],"predecessor-version":[{"id":13834,"href":"https:\/\/radiocresatelital.com\/index.php?rest_route=\/wp\/v2\/posts\/13832\/revisions\/13834"}],"wp:featuredmedia":[{"embeddable":true,"href":"https:\/\/radiocresatelital.com\/index.php?rest_route=\/wp\/v2\/media\/13833"}],"wp:attachment":[{"href":"https:\/\/radiocresatelital.com\/index.php?rest_route=%2Fwp%2Fv2%2Fmedia&parent=13832"}],"wp:term":[{"taxonomy":"category","embeddable":true,"href":"https:\/\/radiocresatelital.com\/index.php?rest_route=%2Fwp%2Fv2%2Fcategories&post=13832"},{"taxonomy":"post_tag","embeddable":true,"href":"https:\/\/radiocresatelital.com\/index.php?rest_route=%2Fwp%2Fv2%2Ftags&post=13832"}],"curies":[{"name":"wp","href":"https:\/\/api.w.org\/{rel}","templated":true}]}}