{"id":13829,"date":"2024-05-13T17:47:15","date_gmt":"2024-05-13T17:47:15","guid":{"rendered":"https:\/\/radiocresatelital.com\/?p=13829"},"modified":"2024-05-13T17:47:15","modified_gmt":"2024-05-13T17:47:15","slug":"reuniones-de-alto-nivel-y-cooperacion-en-materia-social-como-parte-de-la-agencia-presidencial-en-el-vaticano","status":"publish","type":"post","link":"https:\/\/radiocresatelital.com\/?p=13829","title":{"rendered":"Reuniones de alto nivel y cooperaci\u00f3n en materia social, como parte de la agencia presidencial en el vaticano"},"content":{"rendered":"<p>Ciudad del Vaticano. La agenda presidencial en Europa continu\u00f3 este lunes 13 de mayo de 2024 en la Ciudad del Vaticano. El presidente Daniel Noboa mantuvo un encuentro con Su Santidad, el Papa Francisco; y con representantes de entidades sociales de la Iglesia para fortalecer espacios de cooperaci\u00f3n en este \u00e1mbito.<\/p>\n<p><strong>Reuni\u00f3n con el Papa Francisco y otras autoridades del Vaticano<\/strong><br \/>\nEl Primer Mandatario fue recibido por Su Santidad a primeras horas de este lunes. En un encuentro cercano, adem\u00e1s de transmitir el saludo de fe del pueblo ecuatoriano hacia el Sumo Pont\u00edfice, Noboa reiter\u00f3 el compromiso pacifista de Ecuador y de su gobierno por precautelar la paz en todo el territorio.<\/p>\n<p>La lucha contra la violencia y el narcoterrorismo que lidera el Presidente fue uno de los temas que m\u00e1s inter\u00e9s caus\u00f3 en el Santo Padre. El Mandatario expres\u00f3 que la Iglesia representa un aliado de gran peso en la sociedad ecuatoriana, por lo que resalt\u00f3 el inter\u00e9s de su administraci\u00f3n en promover proyectos educativos orientados a combatir la violencia generada por el narcotr\u00e1fico y la delincuencia juvenil; ante la situaci\u00f3n que atraviesa el pa\u00eds.<\/p>\n<p>Como parte del encuentro, el presidente Noboa regal\u00f3 al Papa una Virgen de El Cisne elaborada por artesanos ecuatorianos, representando la tradici\u00f3n de fe del pa\u00eds y su legado art\u00edstico.<\/p>\n<p>Minutos m\u00e1s tarde, el Presidente junto a la delegaci\u00f3n oficial acudi\u00f3 a una cita con el secretario de Estado, Cardenal Pietro Parolin. En este espacio tambi\u00e9n insisti\u00f3 en el inter\u00e9s ecuatoriano de impulsar nuevas iniciativas en colaboraci\u00f3n con la Iglesia Cat\u00f3lica, con el prop\u00f3sito de promover la capacitaci\u00f3n y la inserci\u00f3n social de j\u00f3venes en riesgo de caer en las redes del crimen organizado. De igual manera, se trat\u00f3 sobre la postura de Ecuador ante asuntos de inter\u00e9s internacional y regional.<\/p>\n<p><strong>Cooperaci\u00f3n en salud pedi\u00e1trica<\/strong><br \/>\nEl presidente Noboa visit\u00f3 el Hospital Pedi\u00e1trico Bambino Ges\u00fa, uno de los centros de salud m\u00e1s antiguos y prestigiosos del mundo especializados en la atenci\u00f3n infantil. Adem\u00e1s del recorrido, Daniel Noboa mantuvo un di\u00e1logo con el presidente del Hospital, Tiziano Onesti.<\/p>\n<p>Ecuador mantiene un memor\u00e1ndum de entendimiento con esta entidad, bajo el cual se han realizado capacitaciones e intercambio de experiencias sobre cardiocirug\u00eda con el Hospital Pedi\u00e1trico Baca Ortiz, especialmente en neonatos; por lo que el Mandatario ecuatoriano aprovech\u00f3 esta oportunidad para reconocer la importancia de esta cooperaci\u00f3n y entablar un acercamiento para fortalecerla.<\/p>\n<p>Precisamente, en virtud de los buenos resultados de estas capacitaciones, el Ministerio de Salud P\u00fablica del Ecuador puso en consideraci\u00f3n del Hospital en marzo de 2024, la propuesta para replicar estas capacitaciones con otros establecimientos de salud del Ecuador; por lo que el Presidente remarc\u00f3 lo fundamental de que esta colaboraci\u00f3n se ampl\u00ede para beneficiar a m\u00e1s ni\u00f1os y ni\u00f1as del pa\u00eds. Tambi\u00e9n se revis\u00f3 la posibilidad de implementar nuevas iniciativas y proyectos.<\/p>\n<p>Para el doctor Lorenzo Galleti, director de la Unidad de Cirug\u00eda Cardiaca Infantil y del \u00c1rea Cl\u00ednica de Ciencias Cardiol\u00f3gicas del hospital, el inter\u00e9s del gobierno de Noboa en ampliar la cooperaci\u00f3n en materia de salud infantil evidencia su preocupaci\u00f3n por cuidar de la ni\u00f1ez ecuatoriana y su cercan\u00eda con los principales problemas de la poblaci\u00f3n: \u201cEl desarrollo de cualquier pa\u00eds debe empezar desde la infancia\u201d, se\u00f1al\u00f3.<\/p>\n<p><strong>Fortalecimiento de la educaci\u00f3n para j\u00f3venes<\/strong><br \/>\nContinuando con su agenda, el Jefe de Estado ecuatoriano revis\u00f3 los mecanismos de cooperaci\u00f3n en educaci\u00f3n con la Fundaci\u00f3n Scholas Ocurrentes mediante una reuni\u00f3n con su director mundial, Jos\u00e9 Mar\u00eda del Corral.<\/p>\n<p>La fundaci\u00f3n avalada por el Papa Francisco opera como una organizaci\u00f3n sin \u00e1nimo de lucro enfocada en fomentar la educaci\u00f3n. En 2022, Ecuador suscribi\u00f3 un Memorando de Entendimiento con esta instituci\u00f3n con el fin de implementar diversos programas de educaci\u00f3n y fomentar la inclusi\u00f3n social.<\/p>\n<p>Adem\u00e1s, en 2019 el Ministerio de Educaci\u00f3n firm\u00f3 una Carta de Cooperaci\u00f3n en el marco de la cual se encuentra vigente un proyecto por USD 200 mil, provistos por la CAF, en temas de educaci\u00f3n.<\/p>\n<p>En el marco de estos espacios de asistencia vigentes, el presidente Noboa resalt\u00f3 el proyecto llevado a cabo con m\u00e1s de 400 j\u00f3venes de Quito, Guayaquil y Monta\u00f1ita, enfocado en la promoci\u00f3n de metodolog\u00edas educativas y pr\u00e1cticas pedag\u00f3gicas innovadoras para fomentar el desarrollo de competencias ciudadanas y convertir los j\u00f3venes locales en agentes activos de cambio.<\/p>\n<p>El director Jos\u00e9 Mar\u00eda del Corral resalt\u00f3 que en este encuentro se revisaron mecanismos que permitan expandir la colaboraci\u00f3n en temas de protecci\u00f3n y educaci\u00f3n a j\u00f3venes en el pa\u00eds y resalt\u00f3 que el liderazgo de Noboa ser\u00e1 fundamental en este proceso, pues denota su compromiso con el bienestar y desarrollo de esta poblaci\u00f3n.<\/p>\n","protected":false},"excerpt":{"rendered":"<p>Ciudad del Vaticano. La agenda presidencial en Europa continu\u00f3 este lunes 13 de mayo de 2024 en la Ciudad del Vaticano. El presidente Daniel Noboa mantuvo un encuentro con Su Santidad, el Papa Francisco; y con representantes de entidades sociales de la Iglesia para fortalecer espacios de cooperaci\u00f3n en este \u00e1mbito. Reuni\u00f3n con el Papa [&hellip;]<\/p>\n","protected":false},"author":2,"featured_media":13830,"comment_status":"open","ping_status":"closed","sticky":false,"template":"","format":"standard","meta":{"_jetpack_memberships_contains_paid_content":false,"footnotes":""},"categories":[13],"tags":[1322],"class_list":["post-13829","post","type-post","status-publish","format-standard","has-post-thumbnail","hentry","category-noticias-nacionales","tag-presidente-daniel-noboa"],"jetpack_featured_media_url":"https:\/\/radiocresatelital.com\/wp-content\/uploads\/2024\/05\/53718297974_cf6d53fe5e_c.jpg","jetpack_sharing_enabled":true,"_links":{"self":[{"href":"https:\/\/radiocresatelital.com\/index.php?rest_route=\/wp\/v2\/posts\/13829","targetHints":{"allow":["GET"]}}],"collection":[{"href":"https:\/\/radiocresatelital.com\/index.php?rest_route=\/wp\/v2\/posts"}],"about":[{"href":"https:\/\/radiocresatelital.com\/index.php?rest_route=\/wp\/v2\/types\/post"}],"author":[{"embeddable":true,"href":"https:\/\/radiocresatelital.com\/index.php?rest_route=\/wp\/v2\/users\/2"}],"replies":[{"embeddable":true,"href":"https:\/\/radiocresatelital.com\/index.php?rest_route=%2Fwp%2Fv2%2Fcomments&post=13829"}],"version-history":[{"count":1,"href":"https:\/\/radiocresatelital.com\/index.php?rest_route=\/wp\/v2\/posts\/13829\/revisions"}],"predecessor-version":[{"id":13831,"href":"https:\/\/radiocresatelital.com\/index.php?rest_route=\/wp\/v2\/posts\/13829\/revisions\/13831"}],"wp:featuredmedia":[{"embeddable":true,"href":"https:\/\/radiocresatelital.com\/index.php?rest_route=\/wp\/v2\/media\/13830"}],"wp:attachment":[{"href":"https:\/\/radiocresatelital.com\/index.php?rest_route=%2Fwp%2Fv2%2Fmedia&parent=13829"}],"wp:term":[{"taxonomy":"category","embeddable":true,"href":"https:\/\/radiocresatelital.com\/index.php?rest_route=%2Fwp%2Fv2%2Fcategories&post=13829"},{"taxonomy":"post_tag","embeddable":true,"href":"https:\/\/radiocresatelital.com\/index.php?rest_route=%2Fwp%2Fv2%2Ftags&post=13829"}],"curies":[{"name":"wp","href":"https:\/\/api.w.org\/{rel}","templated":true}]}}