{"id":13823,"date":"2024-05-13T16:42:37","date_gmt":"2024-05-13T16:42:37","guid":{"rendered":"https:\/\/radiocresatelital.com\/?p=13823"},"modified":"2024-05-13T16:42:37","modified_gmt":"2024-05-13T16:42:37","slug":"tumbado-proyecto-echo-en-olon-organizaciones-sociales-piden-renuncia-de-sade-fritschi","status":"publish","type":"post","link":"https:\/\/radiocresatelital.com\/?p=13823","title":{"rendered":"Tumbado Proyecto ECHO en Ol\u00f3n, organizaciones sociales piden renuncia de Sade Fritschi"},"content":{"rendered":"<p>Santa Elena.- Una vez que la empresa Vinazin S.A., cuya principal accionista es Lavinia Valbonesi, decidi\u00f3 suspender el proyecto ECHO en Ol\u00f3n, las organizaciones sociales, han decidido seguir ejerciendo presi\u00f3n para evitar que lo que pudo suceder con el Esterillo de Oloncito, ocurra en otras partes del pa\u00eds.<\/p>\n<p>Es as\u00ed, que luego de que la Ministra de ambiente, Sade Fritschi, quien compareciera en la Asamblea Nacional, se han sumado los pedidos para que la mencionada secretaria de estado, sea removida de esta cartera, ya que su desconocimiento y falta de capacidad sobre los problemas ambientales del pa\u00eds, no se limitan a lo sucedido recientemente en Santa Elena, pues ha incurrido en una serie de equivocaciones en Costa, Sierra y Oriente, que confirman un desconocimiento elemental sobre la geograf\u00eda del pa\u00eds y por lo tanto sobre las necesidades y riesgos de cada sector.<\/p>\n<p>Adicional, a \u00e9ste pedido de m\u00e1s de 30 organizaciones sociales, la mesa de Gobiernos Aut\u00f3nomos, Descentralizaci\u00f3n, Competencias y Organizaci\u00f3n del Territorio de la Asamblea Nacional sesionar\u00e1 hoy en el cant\u00f3n Santa Elena, adonde deber\u00e1n comparecer las autoridades seccionales implicadas en el caso Esterillo Oloncito, ellas son: autoridades del Gobierno Parroquial Rural de Manglaralto, de la Alcald\u00eda de Santa Elena, de la Prefectura de la Pen\u00ednsula, el presidente de la Federaci\u00f3n de Comunas de Santa Elena y al presidente de la comuna de Ol\u00f3n.<\/p>\n","protected":false},"excerpt":{"rendered":"<p>Santa Elena.- Una vez que la empresa Vinazin S.A., cuya principal accionista es Lavinia Valbonesi, decidi\u00f3 suspender el proyecto ECHO en Ol\u00f3n, las organizaciones sociales, han decidido seguir ejerciendo presi\u00f3n para evitar que lo que pudo suceder con el Esterillo de Oloncito, ocurra en otras partes del pa\u00eds. Es as\u00ed, que luego de que la [&hellip;]<\/p>\n","protected":false},"author":3,"featured_media":13824,"comment_status":"open","ping_status":"closed","sticky":false,"template":"","format":"standard","meta":{"_jetpack_memberships_contains_paid_content":false,"footnotes":""},"categories":[13],"tags":[],"class_list":["post-13823","post","type-post","status-publish","format-standard","has-post-thumbnail","hentry","category-noticias-nacionales"],"jetpack_featured_media_url":"https:\/\/radiocresatelital.com\/wp-content\/uploads\/2024\/05\/esterillo-oloncito.jpg","jetpack_sharing_enabled":true,"_links":{"self":[{"href":"https:\/\/radiocresatelital.com\/index.php?rest_route=\/wp\/v2\/posts\/13823","targetHints":{"allow":["GET"]}}],"collection":[{"href":"https:\/\/radiocresatelital.com\/index.php?rest_route=\/wp\/v2\/posts"}],"about":[{"href":"https:\/\/radiocresatelital.com\/index.php?rest_route=\/wp\/v2\/types\/post"}],"author":[{"embeddable":true,"href":"https:\/\/radiocresatelital.com\/index.php?rest_route=\/wp\/v2\/users\/3"}],"replies":[{"embeddable":true,"href":"https:\/\/radiocresatelital.com\/index.php?rest_route=%2Fwp%2Fv2%2Fcomments&post=13823"}],"version-history":[{"count":1,"href":"https:\/\/radiocresatelital.com\/index.php?rest_route=\/wp\/v2\/posts\/13823\/revisions"}],"predecessor-version":[{"id":13825,"href":"https:\/\/radiocresatelital.com\/index.php?rest_route=\/wp\/v2\/posts\/13823\/revisions\/13825"}],"wp:featuredmedia":[{"embeddable":true,"href":"https:\/\/radiocresatelital.com\/index.php?rest_route=\/wp\/v2\/media\/13824"}],"wp:attachment":[{"href":"https:\/\/radiocresatelital.com\/index.php?rest_route=%2Fwp%2Fv2%2Fmedia&parent=13823"}],"wp:term":[{"taxonomy":"category","embeddable":true,"href":"https:\/\/radiocresatelital.com\/index.php?rest_route=%2Fwp%2Fv2%2Fcategories&post=13823"},{"taxonomy":"post_tag","embeddable":true,"href":"https:\/\/radiocresatelital.com\/index.php?rest_route=%2Fwp%2Fv2%2Ftags&post=13823"}],"curies":[{"name":"wp","href":"https:\/\/api.w.org\/{rel}","templated":true}]}}