{"id":13806,"date":"2024-05-12T19:06:59","date_gmt":"2024-05-12T19:06:59","guid":{"rendered":"https:\/\/radiocresatelital.com\/?p=13806"},"modified":"2024-05-12T19:07:17","modified_gmt":"2024-05-12T19:07:17","slug":"todo-listo-para-el-arranque-de-la-liga-ecuabet-basquetpro-2024","status":"publish","type":"post","link":"https:\/\/radiocresatelital.com\/?p=13806","title":{"rendered":"Todo listo para el arranque de la Liga Ecuabet B\u00e1squetPro 2024"},"content":{"rendered":"<p>Guayaquil.- Se realiz\u00f3 oficialmente el lanzamiento de la tercera edici\u00f3n de la Liga Ecuabet B\u00e1squetPro 2024, en la ciudad de Guayaquil. El evento cont\u00f3 con la presencia de los medios de comunicaci\u00f3n, sponsors, presidentes de los equipos participantes e invitados especiales.<\/p>\n<p>El Ing. Jaime Moya, presidente de la Liga Ecuabet B\u00e1squetPro, present\u00f3 los detalles de la temporada 2024, misma que iniciar\u00e1 el 27 de mayo. Adem\u00e1s, anunci\u00f3 que los derechos de transmisi\u00f3n de la liga, en los pr\u00f3ximos 5 a\u00f1os, los tendr\u00e1 la productora de streaming BasquetPass.tv.<\/p>\n<p>La Liga Ecuabet B\u00e1squetPro busca tener presencia en cada rinc\u00f3n del Ecuador, y es por eso, que esta temporada contar\u00e1 con 12 equipos que representan a 11 ciudades diferentes del pa\u00eds, quienes podr\u00e1n disfrutar del mejor baloncesto profesional. Adem\u00e1s, se incorporar\u00e1 por primera vez un equipo profesional de la Amazon\u00eda.<\/p>\n<p>Los equipos de la temporada 2024 son los siguientes:<br \/>\nEquipos Ciudad<br \/>\nBarcelona &#8211; Caballito Guayaquil<br \/>\nClub Importadora Alvarado Ambato<br \/>\nClub Jorge Guzm\u00e1n Regalado Loja<br \/>\nClub Spartans SG Quito<br \/>\nCuenca Basket Club Cuenca<br \/>\nCyC Manab\u00ed Portoviejo<br \/>\nGuerreros, Marco Cepeda Santo Domingo<br \/>\nLeones RSC Riobamba<br \/>\nLiga Deportiva Universitaria Quito<br \/>\nPiratas de los Lagos Ibarra<br \/>\nSan Antonio Gold Machala<br \/>\nZamora Jaguars Zamora<\/p>\n<p>Para la Liga Ecuabet B\u00e1squetPro es importante reconocer la trayectoria de las glorias del baloncesto del pa\u00eds. Es por eso que se realiz\u00f3 un homenaje al se\u00f1or Nicol\u00e1s Lapentti, considerado uno de los mejores jugadores de la historia del baloncesto ecuatoriano. En el acto lo acompa\u00f1aron su esposa e hijos.<\/p>\n<p>Una de las principales novedades del evento fue el anuncio de la Liga DMujeres B\u00e1squetPro, misma que tendr\u00e1 como objetivo impulsar el desarrollo de las deportistas ecuatorianas y profesionalizar el baloncesto femenino. Este hist\u00f3rico hito fue posible gracias al grupo empresarial DMujeres, qui\u00e9n ser\u00e1 el sponsor principal de esta competencia.<\/p>\n","protected":false},"excerpt":{"rendered":"<p>Guayaquil.- Se realiz\u00f3 oficialmente el lanzamiento de la tercera edici\u00f3n de la Liga Ecuabet B\u00e1squetPro 2024, en la ciudad de Guayaquil. El evento cont\u00f3 con la presencia de los medios de comunicaci\u00f3n, sponsors, presidentes de los equipos participantes e invitados especiales. El Ing. Jaime Moya, presidente de la Liga Ecuabet B\u00e1squetPro, present\u00f3 los detalles de [&hellip;]<\/p>\n","protected":false},"author":2,"featured_media":13807,"comment_status":"open","ping_status":"closed","sticky":false,"template":"","format":"standard","meta":{"_jetpack_memberships_contains_paid_content":false,"footnotes":""},"categories":[96,9],"tags":[93],"class_list":["post-13806","post","type-post","status-publish","format-standard","has-post-thumbnail","hentry","category-basquetball","category-deportes","tag-liga-ecuabet-basquetpro"],"jetpack_featured_media_url":"https:\/\/radiocresatelital.com\/wp-content\/uploads\/2024\/05\/LigaBasketPro_ISA01657-scaled.jpg","jetpack_sharing_enabled":true,"_links":{"self":[{"href":"https:\/\/radiocresatelital.com\/index.php?rest_route=\/wp\/v2\/posts\/13806","targetHints":{"allow":["GET"]}}],"collection":[{"href":"https:\/\/radiocresatelital.com\/index.php?rest_route=\/wp\/v2\/posts"}],"about":[{"href":"https:\/\/radiocresatelital.com\/index.php?rest_route=\/wp\/v2\/types\/post"}],"author":[{"embeddable":true,"href":"https:\/\/radiocresatelital.com\/index.php?rest_route=\/wp\/v2\/users\/2"}],"replies":[{"embeddable":true,"href":"https:\/\/radiocresatelital.com\/index.php?rest_route=%2Fwp%2Fv2%2Fcomments&post=13806"}],"version-history":[{"count":1,"href":"https:\/\/radiocresatelital.com\/index.php?rest_route=\/wp\/v2\/posts\/13806\/revisions"}],"predecessor-version":[{"id":13808,"href":"https:\/\/radiocresatelital.com\/index.php?rest_route=\/wp\/v2\/posts\/13806\/revisions\/13808"}],"wp:featuredmedia":[{"embeddable":true,"href":"https:\/\/radiocresatelital.com\/index.php?rest_route=\/wp\/v2\/media\/13807"}],"wp:attachment":[{"href":"https:\/\/radiocresatelital.com\/index.php?rest_route=%2Fwp%2Fv2%2Fmedia&parent=13806"}],"wp:term":[{"taxonomy":"category","embeddable":true,"href":"https:\/\/radiocresatelital.com\/index.php?rest_route=%2Fwp%2Fv2%2Fcategories&post=13806"},{"taxonomy":"post_tag","embeddable":true,"href":"https:\/\/radiocresatelital.com\/index.php?rest_route=%2Fwp%2Fv2%2Ftags&post=13806"}],"curies":[{"name":"wp","href":"https:\/\/api.w.org\/{rel}","templated":true}]}}