{"id":13767,"date":"2024-05-10T21:36:34","date_gmt":"2024-05-10T21:36:34","guid":{"rendered":"https:\/\/radiocresatelital.com\/?p=13767"},"modified":"2024-05-10T21:36:34","modified_gmt":"2024-05-10T21:36:34","slug":"no-extendere-mi-contrato-mi-aventura-en-psg-finalizara-dentro-de-pocas-semanas-kylian-mbappe","status":"publish","type":"post","link":"https:\/\/radiocresatelital.com\/?p=13767","title":{"rendered":"No extender\u00e9 mi contrato. Mi aventura en PSG finalizar\u00e1 dentro de pocas semanas, Kylian Mbapp\u00e9"},"content":{"rendered":"<p>Par\u00eds.- Quisiera anunciarles a todos que este es mi \u00faltimo a\u00f1o en Par\u00eds Saint-Germain. El domingo jugar\u00e9 mi \u00faltimo partido en el Parque de los Pr\u00edncipes, fueron las expresiones del astro franc\u00e9s Kylian Mbapp\u00e9 cuando ha confirmado que en primera persona el fin de su experiencia en el club de la capital.<\/p>\n<p>\u00abNo extender\u00e9 mi contrato. Mi aventura en PSG finalizar\u00e1 dentro de pocas semanas\u00bb, agreg\u00f3 el campe\u00f3n mundial en Rusia 2018 y subcampe\u00f3n del mundo en Qatar 2022, al reconocer p\u00fablicamente por primera vez su decisi\u00f3n de abandonar el club al que arrib\u00f3 en 2017 procedente del M\u00f3naco.<\/p>\n<p>En un video publicado en las redes sociales, Mbapp\u00e9 anunci\u00f3 su partida del equipo entrenado por el espa\u00f1ol Luis Enrique, que acaba de ser eliminado en semifinales de la Champions League por el alem\u00e1n Borussia Dortmund y con el cual el delantero acaba de celebrar su sexta consagraci\u00f3n en la Ligue 1.<\/p>\n<p>Su \u00faltima presentaci\u00f3n ante el p\u00fablico del PSG ser\u00e1 el domingo frente al Toulouse en el Parque de los Pr\u00edncipes, seg\u00fan anticip\u00f3 hoy, confirmando lo dicho en febrero, cuando advert\u00eda que no ten\u00eda intenciones de renovar el contrato que finaliza al t\u00e9rmino de la actual temporada.<\/p>\n<p>El sue\u00f1o de conquistar la Champions con PSG qued\u00f3 trunco tras haber sido subcampe\u00f3n en la temporada 2019-20, cuando el equipo parisino perdi\u00f3 la final con Bayern Munich, que en la actual edici\u00f3n del torneo continental qued\u00f3 eliminado frente al Real Madrid, pr\u00f3ximo destino del astro franc\u00e9s, seg\u00fan se anuncia desde hace tiempo.<\/p>\n<p>\u00abFueron muchas las emociones y muchos los a\u00f1os en los que tuvo la posibilidad y el gran honor de formar parte del mejor club de Francia y de uno de los mejores del mundo\u00bb, asegur\u00f3 en su mensaje Mbapp\u00e9, de 25 a\u00f1os y quien con PSG celebr\u00f3, adem\u00e1s, tres Copas de Francia, dos Copas de la Liga y cuatro Supercopas nacionales.<\/p>\n<p>\u00abPSG me permiti\u00f3 hacerme un camino en un club con muchas presiones, y crecer como jugador junto a algunos de los mejores jugadores de la historia y algunos de los m\u00e1s grandes campeones\u00bb, agreg\u00f3 al aludir a tantos compa\u00f1eros, entre los cuales estuvo alguna vez el argentino Lionel Messi, su \u00abverdugo\u00bb en la final de Qatar 2022.<\/p>\n<p>\u00abEs dif\u00edcil decirles lo que hoy les digo. Nunca imagin\u00e9 que ser\u00eda tan dif\u00edcil anunciar mi despedida, pero despu\u00e9s de siete a\u00f1os juntos siento que tengo la necesidad de encarar nuevos desaf\u00edos\u00bb, complet\u00f3.<\/p>\n","protected":false},"excerpt":{"rendered":"<p>Par\u00eds.- Quisiera anunciarles a todos que este es mi \u00faltimo a\u00f1o en Par\u00eds Saint-Germain. El domingo jugar\u00e9 mi \u00faltimo partido en el Parque de los Pr\u00edncipes, fueron las expresiones del astro franc\u00e9s Kylian Mbapp\u00e9 cuando ha confirmado que en primera persona el fin de su experiencia en el club de la capital. \u00abNo extender\u00e9 mi [&hellip;]<\/p>\n","protected":false},"author":2,"featured_media":13768,"comment_status":"open","ping_status":"closed","sticky":false,"template":"","format":"standard","meta":{"_jetpack_memberships_contains_paid_content":false,"footnotes":""},"categories":[7],"tags":[354,355],"class_list":["post-13767","post","type-post","status-publish","format-standard","has-post-thumbnail","hentry","category-futbol-internacional","tag-kylian-mbappe","tag-psg"],"jetpack_featured_media_url":"https:\/\/radiocresatelital.com\/wp-content\/uploads\/2024\/05\/AP23092737776123.jpg","jetpack_sharing_enabled":true,"_links":{"self":[{"href":"https:\/\/radiocresatelital.com\/index.php?rest_route=\/wp\/v2\/posts\/13767","targetHints":{"allow":["GET"]}}],"collection":[{"href":"https:\/\/radiocresatelital.com\/index.php?rest_route=\/wp\/v2\/posts"}],"about":[{"href":"https:\/\/radiocresatelital.com\/index.php?rest_route=\/wp\/v2\/types\/post"}],"author":[{"embeddable":true,"href":"https:\/\/radiocresatelital.com\/index.php?rest_route=\/wp\/v2\/users\/2"}],"replies":[{"embeddable":true,"href":"https:\/\/radiocresatelital.com\/index.php?rest_route=%2Fwp%2Fv2%2Fcomments&post=13767"}],"version-history":[{"count":1,"href":"https:\/\/radiocresatelital.com\/index.php?rest_route=\/wp\/v2\/posts\/13767\/revisions"}],"predecessor-version":[{"id":13769,"href":"https:\/\/radiocresatelital.com\/index.php?rest_route=\/wp\/v2\/posts\/13767\/revisions\/13769"}],"wp:featuredmedia":[{"embeddable":true,"href":"https:\/\/radiocresatelital.com\/index.php?rest_route=\/wp\/v2\/media\/13768"}],"wp:attachment":[{"href":"https:\/\/radiocresatelital.com\/index.php?rest_route=%2Fwp%2Fv2%2Fmedia&parent=13767"}],"wp:term":[{"taxonomy":"category","embeddable":true,"href":"https:\/\/radiocresatelital.com\/index.php?rest_route=%2Fwp%2Fv2%2Fcategories&post=13767"},{"taxonomy":"post_tag","embeddable":true,"href":"https:\/\/radiocresatelital.com\/index.php?rest_route=%2Fwp%2Fv2%2Ftags&post=13767"}],"curies":[{"name":"wp","href":"https:\/\/api.w.org\/{rel}","templated":true}]}}