{"id":13737,"date":"2024-05-09T23:09:07","date_gmt":"2024-05-09T23:09:07","guid":{"rendered":"https:\/\/radiocresatelital.com\/?p=13737"},"modified":"2024-05-09T23:09:07","modified_gmt":"2024-05-09T23:09:07","slug":"reforzando-la-seguridad-en-la-provincia-del-guayas","status":"publish","type":"post","link":"https:\/\/radiocresatelital.com\/?p=13737","title":{"rendered":"Reforzando la seguridad en la Provincia del Guayas"},"content":{"rendered":"<p>Guayaquil.- El Gobernador de la provincia del Guayas, Vicente Auad ha tomado medidas decisivas para fortalecer la seguridad en el cant\u00f3n Daule, concretamente en la v\u00eda La Aurora, donde est\u00e1n asentadas varias urbanizaciones, y ha dispuesto en coordinaci\u00f3n con la Polic\u00eda Nacional reforzar acciones con el objetivo de salvaguardar la integridad de los ciudadanos y prevenir la delincuencia organizada.<\/p>\n<p>\u201cLa seguridad de los guayasenses es nuestra prioridad, por eso trabajamos\u00a8articuladamente con la Polic\u00eda Nacional, y estamos convencidos que juntos lo lograremos\u201d precis\u00f3 la autoridad provincial Acciones Implementadas: En respuesta a la alerta sobre la presencia de una banda delincuencial en la zona, la Polic\u00eda Nacional del Distrito Daule Zona 5 ha intensificado sus operativos. El jefe del distrito, coronel Marcelo Castillo, ha detallado el trabajo que ejecuta la fuerza del orden.<\/p>\n<p>Incremento de Uniformados: Se ha aumentado el n\u00famero de agentes de seguridad en la zona para patrullar y responder r\u00e1pidamente a cualquier emergencia.<\/p>\n<p>Bot\u00f3n de Seguridad Activado: Se ha activado el bot\u00f3n de seguridad en las urbanizaciones, permitiendo una comunicaci\u00f3n directa con las autoridades en caso de peligro.<\/p>\n<p>Alerta ante Visitas o Entregas a Domicilio: Se ha implementado una alerta especial para las visitas o entregas a domicilio, ya que estas modalidades son utilizadas por los delincuentes para ingresar a las viviendas.<\/p>\n<p>Colaboraci\u00f3n Ciudadana: El jefe del distrito enfatiza la importancia de que los ciudadanos v\u00edctimas de la delincuencia presenten sus denuncias ante la Fiscal\u00eda y la Polic\u00eda. Esta colaboraci\u00f3n facilita las investigaciones y contribuye a la<br \/>\nseguridad de la comunidad.<\/p>\n<p>La Gobernaci\u00f3n del Guayas, en estrecha coordinaci\u00f3n con la Polic\u00eda Nacional, est\u00e1 comprometida con la protecci\u00f3n de los habitantes de la provincia. Los operativos permanentes y la colaboraci\u00f3n ciudadana son fundamentales para lograr un entorno m\u00e1s seguro y pac\u00edfico.<\/p>\n","protected":false},"excerpt":{"rendered":"<p>Guayaquil.- El Gobernador de la provincia del Guayas, Vicente Auad ha tomado medidas decisivas para fortalecer la seguridad en el cant\u00f3n Daule, concretamente en la v\u00eda La Aurora, donde est\u00e1n asentadas varias urbanizaciones, y ha dispuesto en coordinaci\u00f3n con la Polic\u00eda Nacional reforzar acciones con el objetivo de salvaguardar la integridad de los ciudadanos y [&hellip;]<\/p>\n","protected":false},"author":2,"featured_media":13738,"comment_status":"open","ping_status":"closed","sticky":false,"template":"","format":"standard","meta":{"_jetpack_memberships_contains_paid_content":false,"footnotes":""},"categories":[13],"tags":[964,2212],"class_list":["post-13737","post","type-post","status-publish","format-standard","has-post-thumbnail","hentry","category-noticias-nacionales","tag-gobernacion-del-guayas","tag-vicente-auad"],"jetpack_featured_media_url":"https:\/\/radiocresatelital.com\/wp-content\/uploads\/2024\/05\/c9db2142-0d0d-4dde-b03e-f8f648c35ed8.jpeg","jetpack_sharing_enabled":true,"_links":{"self":[{"href":"https:\/\/radiocresatelital.com\/index.php?rest_route=\/wp\/v2\/posts\/13737","targetHints":{"allow":["GET"]}}],"collection":[{"href":"https:\/\/radiocresatelital.com\/index.php?rest_route=\/wp\/v2\/posts"}],"about":[{"href":"https:\/\/radiocresatelital.com\/index.php?rest_route=\/wp\/v2\/types\/post"}],"author":[{"embeddable":true,"href":"https:\/\/radiocresatelital.com\/index.php?rest_route=\/wp\/v2\/users\/2"}],"replies":[{"embeddable":true,"href":"https:\/\/radiocresatelital.com\/index.php?rest_route=%2Fwp%2Fv2%2Fcomments&post=13737"}],"version-history":[{"count":1,"href":"https:\/\/radiocresatelital.com\/index.php?rest_route=\/wp\/v2\/posts\/13737\/revisions"}],"predecessor-version":[{"id":13739,"href":"https:\/\/radiocresatelital.com\/index.php?rest_route=\/wp\/v2\/posts\/13737\/revisions\/13739"}],"wp:featuredmedia":[{"embeddable":true,"href":"https:\/\/radiocresatelital.com\/index.php?rest_route=\/wp\/v2\/media\/13738"}],"wp:attachment":[{"href":"https:\/\/radiocresatelital.com\/index.php?rest_route=%2Fwp%2Fv2%2Fmedia&parent=13737"}],"wp:term":[{"taxonomy":"category","embeddable":true,"href":"https:\/\/radiocresatelital.com\/index.php?rest_route=%2Fwp%2Fv2%2Fcategories&post=13737"},{"taxonomy":"post_tag","embeddable":true,"href":"https:\/\/radiocresatelital.com\/index.php?rest_route=%2Fwp%2Fv2%2Ftags&post=13737"}],"curies":[{"name":"wp","href":"https:\/\/api.w.org\/{rel}","templated":true}]}}