{"id":13732,"date":"2024-05-09T22:46:43","date_gmt":"2024-05-09T22:46:43","guid":{"rendered":"https:\/\/radiocresatelital.com\/?p=13732"},"modified":"2024-05-09T22:46:43","modified_gmt":"2024-05-09T22:46:43","slug":"asociacion-de-ligas-de-futbol-del-mundo-y-sindicato-internacional-de-futbolistas-quieren-revisar-calendario-del-mundial-de-clubes","status":"publish","type":"post","link":"https:\/\/radiocresatelital.com\/?p=13732","title":{"rendered":"Asociaci\u00f3n de Ligas de F\u00fatbol del Mundo y Sindicato Internacional de Futbolistas quieren revisar calendario del Mundial de Clubes"},"content":{"rendered":"<p>Z\u00farich.- La Asociaci\u00f3n de Ligas de F\u00fatbol del Mundo (WLA) y el Sindicato Internacional de Futbolistas (FIFPRO) han enviado una misiva a la FIFA para informarles sobre el inicio de acciones legales si ellos no tienen la posibilidad de revisar el calendario del nuevo Mundial de Clubes en programa en 2025.<\/p>\n<p>La WLA y el FIFPRO enviaron d\u00edas atr\u00e1s su misiva al presidente de la FIFA, Gianni Infantino, para informarle que consideran \u00abdemasiado saturado\u00bb el calendario de competencias, por lo cual piden al consejo de la entidad que rige el f\u00fatbol mundial reprogramar el certamen y reabrir discusiones sobre el programa hacia 2030.<\/p>\n<p>\u00abSi la FIFA Rechaza comprometerse para resolver estos temas, nos veremos obligados a aconsejar a nuestros miembros que realizar iniciativas, entre ellas una acci\u00f3n legal\u00bb, se lee en la carta de la WLA y el FIFPRO.<\/p>\n<p>Ambas entidades acusan a la FIFA de \u00abtomar continuamente decisiones unilaterales\u00bb que favorecen \u00absus competencias y sus intereses comerciales, influyendo negativamente a las ligas y a los jugadores nacionales\u00bb.<\/p>\n<p>La FIFA respondi\u00f3 con una nota en la que subraya que las fechas del Mundial de Clubes 2025, previsto del 15 de junio al 13 de julio, fueron elegidas para garantizar que la programaci\u00f3n del torneo conceda un tiempo suficiente entre la final del certamen y el comienzo de las ligas a nivel global, considerando que deber\u00eda garantizarse un m\u00ednimo de tres d\u00edas de descanso entre un partido y otro para \u00abcuidar el bienestar de los futbolistas\u00bb.<\/p>\n","protected":false},"excerpt":{"rendered":"<p>Z\u00farich.- La Asociaci\u00f3n de Ligas de F\u00fatbol del Mundo (WLA) y el Sindicato Internacional de Futbolistas (FIFPRO) han enviado una misiva a la FIFA para informarles sobre el inicio de acciones legales si ellos no tienen la posibilidad de revisar el calendario del nuevo Mundial de Clubes en programa en 2025. La WLA y el [&hellip;]<\/p>\n","protected":false},"author":2,"featured_media":8231,"comment_status":"open","ping_status":"closed","sticky":false,"template":"","format":"standard","meta":{"_jetpack_memberships_contains_paid_content":false,"footnotes":""},"categories":[7],"tags":[2264,2263],"class_list":["post-13732","post","type-post","status-publish","format-standard","has-post-thumbnail","hentry","category-futbol-internacional","tag-asociacion-de-ligas-de-futbol-del-mundo","tag-sindicato-internacional-de-futbolistas"],"jetpack_featured_media_url":"https:\/\/radiocresatelital.com\/wp-content\/uploads\/2023\/12\/FIFA.jpeg","jetpack_sharing_enabled":true,"_links":{"self":[{"href":"https:\/\/radiocresatelital.com\/index.php?rest_route=\/wp\/v2\/posts\/13732","targetHints":{"allow":["GET"]}}],"collection":[{"href":"https:\/\/radiocresatelital.com\/index.php?rest_route=\/wp\/v2\/posts"}],"about":[{"href":"https:\/\/radiocresatelital.com\/index.php?rest_route=\/wp\/v2\/types\/post"}],"author":[{"embeddable":true,"href":"https:\/\/radiocresatelital.com\/index.php?rest_route=\/wp\/v2\/users\/2"}],"replies":[{"embeddable":true,"href":"https:\/\/radiocresatelital.com\/index.php?rest_route=%2Fwp%2Fv2%2Fcomments&post=13732"}],"version-history":[{"count":1,"href":"https:\/\/radiocresatelital.com\/index.php?rest_route=\/wp\/v2\/posts\/13732\/revisions"}],"predecessor-version":[{"id":13733,"href":"https:\/\/radiocresatelital.com\/index.php?rest_route=\/wp\/v2\/posts\/13732\/revisions\/13733"}],"wp:featuredmedia":[{"embeddable":true,"href":"https:\/\/radiocresatelital.com\/index.php?rest_route=\/wp\/v2\/media\/8231"}],"wp:attachment":[{"href":"https:\/\/radiocresatelital.com\/index.php?rest_route=%2Fwp%2Fv2%2Fmedia&parent=13732"}],"wp:term":[{"taxonomy":"category","embeddable":true,"href":"https:\/\/radiocresatelital.com\/index.php?rest_route=%2Fwp%2Fv2%2Fcategories&post=13732"},{"taxonomy":"post_tag","embeddable":true,"href":"https:\/\/radiocresatelital.com\/index.php?rest_route=%2Fwp%2Fv2%2Ftags&post=13732"}],"curies":[{"name":"wp","href":"https:\/\/api.w.org\/{rel}","templated":true}]}}