{"id":13729,"date":"2024-05-09T22:42:30","date_gmt":"2024-05-09T22:42:30","guid":{"rendered":"https:\/\/radiocresatelital.com\/?p=13729"},"modified":"2024-05-09T22:42:30","modified_gmt":"2024-05-09T22:42:30","slug":"familiares-del-equipo-periodistico-de-el-comercio-reciben-informacion-desclasificada-sobre-el-secuestro-y-posterior-asesinato","status":"publish","type":"post","link":"https:\/\/radiocresatelital.com\/?p=13729","title":{"rendered":"Familiares del equipo period\u00edstico de El Comercio reciben informaci\u00f3n desclasificada sobre el secuestro y posterior asesinato"},"content":{"rendered":"<p>Quito.- La tarde de este jueves 9 de mayo de 2024, el Gobierno del presidente Daniel Noboa cumpli\u00f3 con lo dictaminado por la Corte Constitucional en desclasificar y entregar informaci\u00f3n y documentaci\u00f3n de las sesiones de marzo y abril de 2018, del Consejo de Seguridad P\u00fablica y del Estado, con relaci\u00f3n al secuestro y asesinato de Javier Ortega, Pa\u00fal Rivas y Efra\u00edn Segarra, equipo period\u00edstico de El Comercio.<\/p>\n<p>El 26 de marzo de 2018, Ortega, Rivas y Segarra fueron secuestrados y posteriormente asesinados durante una cobertura period\u00edstica. Seis a\u00f1os despu\u00e9s, la Corte Constitucional dispuso al Ministerio del Interior que desclasifique y entregue las actas relacionadas con el crimen.<\/p>\n<p>La secretaria General de Comunicaci\u00f3n de la Presidencia, Irene V\u00e9lez, y el viceministro del Interior, Lyonel Calder\u00f3n, recibieron hoy en el Palacio de Carondelet a familiares y abogados del equipo period\u00edstico para cumplir con la disposici\u00f3n del organismo constitucional, con la presencia de una notaria.<\/p>\n<p>\u201cEntregamos toda la informaci\u00f3n que durante administraciones anteriores ha sido negada. Han sido m\u00e1s de seis a\u00f1os buscando la verdad. Sabemos que este no es el fin, no es la justicia que est\u00e1n esperando, pero es el inicio para continuar<br \/>\ncon las investigaciones. Cuentan con nuestro apoyo y respaldo en este proceso\u201d, se\u00f1al\u00f3 la secretaria V\u00e9lez.<\/p>\n<p>El compromiso del Gobierno Nacional con la libertad de prensa y con la seguridad de los periodistas es irrenunciable. Y los familiares y amigos de Javier, Pa\u00fal y Efra\u00edn, as\u00ed como el pa\u00eds entero, merecen conocer la verdad.<\/p>\n","protected":false},"excerpt":{"rendered":"<p>Quito.- La tarde de este jueves 9 de mayo de 2024, el Gobierno del presidente Daniel Noboa cumpli\u00f3 con lo dictaminado por la Corte Constitucional en desclasificar y entregar informaci\u00f3n y documentaci\u00f3n de las sesiones de marzo y abril de 2018, del Consejo de Seguridad P\u00fablica y del Estado, con relaci\u00f3n al secuestro y asesinato [&hellip;]<\/p>\n","protected":false},"author":2,"featured_media":13730,"comment_status":"open","ping_status":"closed","sticky":false,"template":"","format":"standard","meta":{"_jetpack_memberships_contains_paid_content":false,"footnotes":""},"categories":[13],"tags":[2262],"class_list":["post-13729","post","type-post","status-publish","format-standard","has-post-thumbnail","hentry","category-noticias-nacionales","tag-equipo-de-el-comercio"],"jetpack_featured_media_url":"https:\/\/radiocresatelital.com\/wp-content\/uploads\/2024\/05\/p6.jpg","jetpack_sharing_enabled":true,"_links":{"self":[{"href":"https:\/\/radiocresatelital.com\/index.php?rest_route=\/wp\/v2\/posts\/13729","targetHints":{"allow":["GET"]}}],"collection":[{"href":"https:\/\/radiocresatelital.com\/index.php?rest_route=\/wp\/v2\/posts"}],"about":[{"href":"https:\/\/radiocresatelital.com\/index.php?rest_route=\/wp\/v2\/types\/post"}],"author":[{"embeddable":true,"href":"https:\/\/radiocresatelital.com\/index.php?rest_route=\/wp\/v2\/users\/2"}],"replies":[{"embeddable":true,"href":"https:\/\/radiocresatelital.com\/index.php?rest_route=%2Fwp%2Fv2%2Fcomments&post=13729"}],"version-history":[{"count":1,"href":"https:\/\/radiocresatelital.com\/index.php?rest_route=\/wp\/v2\/posts\/13729\/revisions"}],"predecessor-version":[{"id":13731,"href":"https:\/\/radiocresatelital.com\/index.php?rest_route=\/wp\/v2\/posts\/13729\/revisions\/13731"}],"wp:featuredmedia":[{"embeddable":true,"href":"https:\/\/radiocresatelital.com\/index.php?rest_route=\/wp\/v2\/media\/13730"}],"wp:attachment":[{"href":"https:\/\/radiocresatelital.com\/index.php?rest_route=%2Fwp%2Fv2%2Fmedia&parent=13729"}],"wp:term":[{"taxonomy":"category","embeddable":true,"href":"https:\/\/radiocresatelital.com\/index.php?rest_route=%2Fwp%2Fv2%2Fcategories&post=13729"},{"taxonomy":"post_tag","embeddable":true,"href":"https:\/\/radiocresatelital.com\/index.php?rest_route=%2Fwp%2Fv2%2Ftags&post=13729"}],"curies":[{"name":"wp","href":"https:\/\/api.w.org\/{rel}","templated":true}]}}