{"id":13699,"date":"2024-05-09T20:55:51","date_gmt":"2024-05-09T20:55:51","guid":{"rendered":"https:\/\/radiocresatelital.com\/?p=13699"},"modified":"2024-05-09T20:55:51","modified_gmt":"2024-05-09T20:55:51","slug":"el-nuevo-ecuador-prioriza-la-gestion-e-inversion-del-sistema-integral-de-salud-se-entregaron-24-ambulancias","status":"publish","type":"post","link":"https:\/\/radiocresatelital.com\/?p=13699","title":{"rendered":"El nuevo Ecuador prioriza la gesti\u00f3n e inversi\u00f3n del sistema integral de salud, se entregaron 24 ambulancias"},"content":{"rendered":"<p>Salinas.- El Gobierno del Nuevo Ecuador est\u00e1 comprometido con la restauraci\u00f3n de los sistemas integrales de salud, poniendo en primer plano la prestaci\u00f3n de servicios de calidad y el bienestar de la ciudadan\u00eda, con un enfoque en la transparencia. En l\u00ednea con esta misi\u00f3n, la ma\u00f1ana de este 9 de mayo, se entregaron 24 ambulancias de soporte vital avanzado, de un total de 186 veh\u00edculos de este tipo, que contribuir\u00e1 significativamente a fortalecer la atenci\u00f3n prehospitalaria y mejorar la capacidad de respuesta en situaciones de emergencia en toda la naci\u00f3n.<\/p>\n<p>Las ambulancias entregadas se suman a las 81 que ya fueron distribuidas anteriormente y se encuentran operativas en territorio. El ministro de Salud P\u00fablica, Franklin Encalada, detall\u00f3 que las de hoy ser\u00e1n destinadas para las cinco coordinaciones zonales de salud: cuatro para Manab\u00ed, tres para Guayas, dos para Santa Elena, dos para Bol\u00edvar, tres para Los R\u00edos, una para Azuay, una para Zamora y ocho para el Distrito Metropolitano de Quito.<\/p>\n<p>\u201cCon la renovaci\u00f3n del parque automotor de ambulancias garantizamos el acceso a la provisi\u00f3n de servicios de atenci\u00f3n prehospitalaria, permiti\u00e9ndonos salvar vidas con una atenci\u00f3n sanitaria oportuna y con la calidad y calidez que caracteriza a los servidores de salud y mucho m\u00e1s a nuestro personal de emergencia\u201d, asever\u00f3 el Ministro de Salud.<\/p>\n<p>La adquisici\u00f3n de los veh\u00edculos es el resultado de un acuerdo firmado entre el Ministerio de Salud P\u00fablica (MSP) y la Oficina de las Naciones Unidas de Servicios para proyectos. Son ambulancias 100 % operativas, con la revisi\u00f3n t\u00e9cnica respectiva, seguro vigente, registros actualizados y dem\u00e1s garant\u00edas.<\/p>\n<p>Por su parte, Erika Chancay, param\u00e9dica, a nombre de todo el equipo m\u00e9dico de salud y las coordinaciones zonales, agradeci\u00f3 al gobierno del Nuevo Ecuador no solo por priorizar la gesti\u00f3n e inversi\u00f3n para fortalecer la atenci\u00f3n de salud integral, sino por dignificar su trabajo con herramientas adecuadas. \u201cNos impulsan a seguir hacia adelante con nuestra misi\u00f3n; as\u00ed como tambi\u00e9n de estar pendiente de nuestra comunidad. Queremos honrar estas ambulancias trabajando con profesionalismo y con dedicaci\u00f3n\u201d, se\u00f1al\u00f3.<\/p>\n","protected":false},"excerpt":{"rendered":"<p>Salinas.- El Gobierno del Nuevo Ecuador est\u00e1 comprometido con la restauraci\u00f3n de los sistemas integrales de salud, poniendo en primer plano la prestaci\u00f3n de servicios de calidad y el bienestar de la ciudadan\u00eda, con un enfoque en la transparencia. En l\u00ednea con esta misi\u00f3n, la ma\u00f1ana de este 9 de mayo, se entregaron 24 ambulancias [&hellip;]<\/p>\n","protected":false},"author":2,"featured_media":13700,"comment_status":"open","ping_status":"closed","sticky":false,"template":"","format":"standard","meta":{"_jetpack_memberships_contains_paid_content":false,"footnotes":""},"categories":[13],"tags":[1322],"class_list":["post-13699","post","type-post","status-publish","format-standard","has-post-thumbnail","hentry","category-noticias-nacionales","tag-presidente-daniel-noboa"],"jetpack_featured_media_url":"https:\/\/radiocresatelital.com\/wp-content\/uploads\/2024\/05\/53708936442_1671fc6a28_c.jpg","jetpack_sharing_enabled":true,"_links":{"self":[{"href":"https:\/\/radiocresatelital.com\/index.php?rest_route=\/wp\/v2\/posts\/13699","targetHints":{"allow":["GET"]}}],"collection":[{"href":"https:\/\/radiocresatelital.com\/index.php?rest_route=\/wp\/v2\/posts"}],"about":[{"href":"https:\/\/radiocresatelital.com\/index.php?rest_route=\/wp\/v2\/types\/post"}],"author":[{"embeddable":true,"href":"https:\/\/radiocresatelital.com\/index.php?rest_route=\/wp\/v2\/users\/2"}],"replies":[{"embeddable":true,"href":"https:\/\/radiocresatelital.com\/index.php?rest_route=%2Fwp%2Fv2%2Fcomments&post=13699"}],"version-history":[{"count":1,"href":"https:\/\/radiocresatelital.com\/index.php?rest_route=\/wp\/v2\/posts\/13699\/revisions"}],"predecessor-version":[{"id":13701,"href":"https:\/\/radiocresatelital.com\/index.php?rest_route=\/wp\/v2\/posts\/13699\/revisions\/13701"}],"wp:featuredmedia":[{"embeddable":true,"href":"https:\/\/radiocresatelital.com\/index.php?rest_route=\/wp\/v2\/media\/13700"}],"wp:attachment":[{"href":"https:\/\/radiocresatelital.com\/index.php?rest_route=%2Fwp%2Fv2%2Fmedia&parent=13699"}],"wp:term":[{"taxonomy":"category","embeddable":true,"href":"https:\/\/radiocresatelital.com\/index.php?rest_route=%2Fwp%2Fv2%2Fcategories&post=13699"},{"taxonomy":"post_tag","embeddable":true,"href":"https:\/\/radiocresatelital.com\/index.php?rest_route=%2Fwp%2Fv2%2Ftags&post=13699"}],"curies":[{"name":"wp","href":"https:\/\/api.w.org\/{rel}","templated":true}]}}