{"id":13669,"date":"2024-05-08T22:46:55","date_gmt":"2024-05-08T22:46:55","guid":{"rendered":"https:\/\/radiocresatelital.com\/?p=13669"},"modified":"2024-05-08T22:46:55","modified_gmt":"2024-05-08T22:46:55","slug":"real-madrid-da-vuelta-al-marcador-y-es-finalista-junto-al-borussia-dortmund-en-final-de-champions-league","status":"publish","type":"post","link":"https:\/\/radiocresatelital.com\/?p=13669","title":{"rendered":"Real Madrid da vuelta al marcador y es finalista junto al Borussia Dortmund en final de Champions League"},"content":{"rendered":"<p class=\"qa-introduction gel-pica-bold\" role=\"introduction\" data-reactid=\".12q5mnua5s4.0.0.0.1.$paragraph-1\"><span data-reactid=\".12q5mnua5s4.0.0.0.1.$paragraph-1.0\">Madrid.- El cuadro merengue del Real Madrid ha conquistado una incre\u00edble victoria en semifinales de Champions League cuando dos goles tard\u00edos derrotaron al Bayern Munich y prepararon una final de la Liga de Campeones contra el Borussia Dortmund.<\/span><\/p>\n<div data-reactid=\".12q5mnua5s4.0.0.0.1.$paragraph-2\">\n<p class=\"\" data-reactid=\".12q5mnua5s4.0.0.0.1.$paragraph-2.0\"><span data-reactid=\".12q5mnua5s4.0.0.0.1.$paragraph-2.0.0\">El Bayern parec\u00eda encaminarse a la final cuando Alphonso Davies intervino y super\u00f3 a Andriy Lunin despu\u00e9s de que el capit\u00e1n de Inglaterra, Harry Kane, lo encontrara con un magn\u00edfico pase.<\/span><\/p>\n<div class=\"\" data-reactid=\".12q5mnua5s4.0.0.0.1.$paragraph-2.1\">\n<div id=\"bbccom_mpu_1_2_3\" class=\"bbccom_slot bbccom_standard_slot mpu_first_slot\" aria-hidden=\"true\" data-reactid=\".12q5mnua5s4.0.0.0.1.$paragraph-2.1.$body-0\">\n<div class=\"bbccom_advert\" data-reactid=\".12q5mnua5s4.0.0.0.1.$paragraph-2.1.$body-0.0\"><\/div>\n<\/div>\n<\/div>\n<\/div>\n<p class=\"\" data-reactid=\".12q5mnua5s4.0.0.0.1.$paragraph-3\"><span data-reactid=\".12q5mnua5s4.0.0.0.1.$paragraph-3.0\">Pero Joselu consigui\u00f3 el empate en el minuto 88 cuando reaccion\u00f3 m\u00e1s r\u00e1pido despu\u00e9s de que el portero del Bayern Manuel Neuer, que hab\u00eda estado excelente hasta entonces, fallara un disparo de Vinicius Jr.<\/span><\/p>\n<p class=\"\" data-reactid=\".12q5mnua5s4.0.0.0.1.$paragraph-4\"><span data-reactid=\".12q5mnua5s4.0.0.0.1.$paragraph-4.0\">Hubo a\u00fan m\u00e1s drama dos minutos despu\u00e9s, cuando Joselu, exdelantero del Stoke City, anot\u00f3 desde seis yardas despu\u00e9s de un pase cuadrado de Antonio Rudiger.<\/span><\/p>\n<p class=\"\" data-reactid=\".12q5mnua5s4.0.0.0.1.$paragraph-5\"><span data-reactid=\".12q5mnua5s4.0.0.0.1.$paragraph-5.0\">Inicialmente, el gol fue anulado por fuera de juego, pero una decisi\u00f3n del \u00e1rbitro asistente de v\u00eddeo (VAR) mostr\u00f3 que Joselu estaba dentro de juego, lo que provoc\u00f3 incre\u00edbles escenas de celebraci\u00f3n en el Bernab\u00e9u, con el Real aguantando para ganar 4-3 en el global.<\/span><\/p>\n<p class=\"\" data-reactid=\".12q5mnua5s4.0.0.0.1.$paragraph-6\"><span data-reactid=\".12q5mnua5s4.0.0.0.1.$paragraph-6.0\">El Real, 14 veces campe\u00f3n de Europa, se enfrentar\u00e1 al Dortmund el s\u00e1bado 1 de junio en Wembley.<\/span><\/p>\n<p class=\"\" data-reactid=\".12q5mnua5s4.0.0.0.1.$paragraph-8\"><span data-reactid=\".12q5mnua5s4.0.0.0.1.$paragraph-8.0\">Hubo controversia en el minuto 13 del tiempo de descuento al final de la segunda mitad cuando Matthijs de Ligt del Bayern pens\u00f3 que hab\u00eda llevado el partido a la pr\u00f3rroga.<\/span><\/p>\n<p class=\"\" data-reactid=\".12q5mnua5s4.0.0.0.1.$paragraph-9\"><span data-reactid=\".12q5mnua5s4.0.0.0.1.$paragraph-9.0\">Se le jug\u00f3 un bal\u00f3n a Noussair Mazraoui y el \u00e1rbitro asistente levant\u00f3 el bander\u00edn por fuera de juego, con varios defensores del Real deteni\u00e9ndose antes de que De Ligt del Bayern disparara a la red.<\/span><\/p>\n<p class=\"\" data-reactid=\".12q5mnua5s4.0.0.0.1.$paragraph-10\"><span data-reactid=\".12q5mnua5s4.0.0.0.1.$paragraph-10.0\">Las repeticiones televisivas sugirieron que la decisi\u00f3n original podr\u00eda no haber sido correcta y que si no se hubiera izado la bandera, habr\u00eda tenido que ser revisada por el VAR. El t\u00e9cnico del Bayern, Thomas Tuchel, y varios jugadores, entre ellos Kane y su compatriota ingl\u00e9s Eric Dier, protestaron en\u00e9rgicamente contra la decisi\u00f3n original. decisi\u00f3n.<\/span><\/p>\n<p class=\"\" data-reactid=\".12q5mnua5s4.0.0.0.1.$paragraph-11\"><span data-reactid=\".12q5mnua5s4.0.0.0.1.$paragraph-11.0\">\u00abHubo una decisi\u00f3n desastrosa por parte del juez de l\u00ednea y del \u00e1rbitro. Al final se siente como una traici\u00f3n\u00bb, dijo Tuchel despu\u00e9s en TNT Sports.<\/span><\/p>\n<p class=\"\" data-reactid=\".12q5mnua5s4.0.0.0.1.$paragraph-12\"><span data-reactid=\".12q5mnua5s4.0.0.0.1.$paragraph-12.0\">\u00abEl juez de l\u00ednea pide perd\u00f3n, pero eso no ayuda. Levantar la bandera en un momento como este&#8230; El \u00e1rbitro ve que recibimos la segunda bola y logramos el tiro; es una decisi\u00f3n muy, muy mala. Va contra las reglas. Es un desastre.<\/span><\/p>\n<p class=\"\" data-reactid=\".12q5mnua5s4.0.0.0.1.$paragraph-13\"><span data-reactid=\".12q5mnua5s4.0.0.0.1.$paragraph-13.0\">\u00abEs dif\u00edcil de tragar, pero as\u00ed es. Hubo una gran pelea, lo dejamos todo en el campo y ya casi llegamos. Ahora felicitamos al Real Madrid\u00bb.<\/span><\/p>\n<p class=\"\" data-reactid=\".12q5mnua5s4.0.0.0.1.$paragraph-15\"><span data-reactid=\".12q5mnua5s4.0.0.0.1.$paragraph-15.0\">Para el centrocampista ingl\u00e9s Jude Bellingham, el resultado contin\u00faa una incre\u00edble primera temporada en el Bernab\u00e9u y se enfrentar\u00e1 a su antiguo equipo, el Dortmund, en la final de Londres.<\/span><\/p>\n<p class=\"\" data-reactid=\".12q5mnua5s4.0.0.0.1.$paragraph-16\"><span data-reactid=\".12q5mnua5s4.0.0.0.1.$paragraph-16.0\">Bellingham dej\u00f3 el equipo alem\u00e1n por el Real en un movimiento de \u00a3 88,5 millones en junio de 2023 y tiene la oportunidad de completar un doblete, despu\u00e9s de haber ayudado al Real a ganar La Liga.<\/span><\/p>\n<p class=\"\" data-reactid=\".12q5mnua5s4.0.0.0.1.$paragraph-17\"><span data-reactid=\".12q5mnua5s4.0.0.0.1.$paragraph-17.0\">\u00abEn Wembley, contra el Dortmund&#8230; Es extra\u00f1o, no lo puedo creer\u00bb, dijo Bellingham a TNT Sports. \u00abCuando ten\u00eda siete a\u00f1os en Birmingham, so\u00f1aba con noches como \u00e9sta\u00bb.<\/span><\/p>\n<p class=\"\" data-reactid=\".12q5mnua5s4.0.0.0.1.$paragraph-18\"><span data-reactid=\".12q5mnua5s4.0.0.0.1.$paragraph-18.0\">Si bien fue un sue\u00f1o hecho realidad para Bellingham, hubo angustia para sus compa\u00f1eros jugadores ingleses Kane y Dier.<\/span><\/p>\n<p class=\"\" data-reactid=\".12q5mnua5s4.0.0.0.1.$paragraph-19\"><span data-reactid=\".12q5mnua5s4.0.0.0.1.$paragraph-19.0\">Kane ha marcado 44 goles para el Bayern desde que se mud\u00f3 del Tottenham con una transferencia de \u00a3 86 millones el verano pasado, pero esta derrota acaba con sus esperanzas de ganar el primer t\u00edtulo importante de su carrera.<\/span><\/p>\n<p class=\"\" data-reactid=\".12q5mnua5s4.0.0.0.1.$paragraph-20\"><span data-reactid=\".12q5mnua5s4.0.0.0.1.$paragraph-20.0\">Tanto Kane como Dier jugaron la final de la Liga de Campeones de 2019 cuando Tottenham perdi\u00f3 2-0 ante Liverpool.<\/span><\/p>\n<p class=\"\" data-reactid=\".12q5mnua5s4.0.0.0.1.$paragraph-21\"><span data-reactid=\".12q5mnua5s4.0.0.0.1.$paragraph-21.0\">Kane hab\u00eda adelantado 2-1 al Bayern en el partido de ida contra el Madrid, pero Vinicius Jr anot\u00f3 el segundo para dejar el marcador 2-2 tras el partido inaugural en Alemania.<\/span><\/p>\n<p class=\"\" data-reactid=\".12q5mnua5s4.0.0.0.1.$paragraph-22\"><span data-reactid=\".12q5mnua5s4.0.0.0.1.$paragraph-22.0\">El partido de vuelta se jug\u00f3 en un fant\u00e1stico ambiente en el Bernab\u00e9u. Los locales estuvieron a punto de anotar desde el principio, pero Neuer realiz\u00f3 una excelente doble parada: empuj\u00f3 el disparo de Vinicius Jr contra el poste y luego detuvo el siguiente intento de Rodrygo.<\/span><\/p>\n<p class=\"\" data-reactid=\".12q5mnua5s4.0.0.0.1.$paragraph-23\"><span data-reactid=\".12q5mnua5s4.0.0.0.1.$paragraph-23.0\">Vinicius Jr fue una amenaza constante para el Real por la izquierda, pero nuevamente vio a Neuer hacer dos excelentes paradas.<\/span><\/p>\n<p class=\"\" data-reactid=\".12q5mnua5s4.0.0.0.1.$paragraph-24\"><span data-reactid=\".12q5mnua5s4.0.0.0.1.$paragraph-24.0\">Pero el Bayern, contra el curso del juego, se adelant\u00f3 en el minuto 68.<\/span><\/p>\n<p class=\"\" data-reactid=\".12q5mnua5s4.0.0.0.1.$paragraph-25\"><span data-reactid=\".12q5mnua5s4.0.0.0.1.$paragraph-25.0\">Kane, en el c\u00edrculo central, lanz\u00f3 un magn\u00edfico pase a Davies en el flanco izquierdo, y el canadiense corri\u00f3 hacia Rudiger, cort\u00f3 hacia adentro con su pie derecho y desat\u00f3 un golpe imparable para lo que parec\u00eda ser el ganador.<\/span><\/p>\n<p class=\"\" data-reactid=\".12q5mnua5s4.0.0.0.1.$paragraph-26\"><span data-reactid=\".12q5mnua5s4.0.0.0.1.$paragraph-26.0\">El jefe Tuchel, que dejar\u00e1 el Bayern al final de la temporada, sustituy\u00f3 a Kane a cinco minutos del final, antes de que Joselu inclinara el partido a favor del Real.<\/span><\/p>\n<p class=\"\" data-reactid=\".12q5mnua5s4.0.0.0.1.$paragraph-27\"><span data-reactid=\".12q5mnua5s4.0.0.0.1.$paragraph-27.0\">El delantero aprovech\u00f3 un raro error de Neuer y volvi\u00f3 a marcar tres minutos m\u00e1s tarde para que el Real Madrid consiguiera una victoria incre\u00edble.<\/span><\/p>\n<p class=\"\" data-reactid=\".12q5mnua5s4.0.0.0.1.$paragraph-28\"><span data-reactid=\".12q5mnua5s4.0.0.0.1.$paragraph-28.0\">El t\u00e9cnico del Real Madrid, Carlo Ancelotti, que ha llegado a su sexta final de la Liga de Campeones como entrenador, afirm\u00f3 que va a \u00abdisfrutar esta semana\u00bb.<\/span><\/p>\n<p class=\"\" data-reactid=\".12q5mnua5s4.0.0.0.1.$paragraph-29\"><span data-reactid=\".12q5mnua5s4.0.0.0.1.$paragraph-29.0\">\u00ab[Mis jugadores son] incre\u00edbles. Les estoy muy agradecido\u00bb, a\u00f1adi\u00f3 Ancelotti. \u00abTrabajan muy duro y creo que este es el mejor equipo que he tenido en mi carrera\u00bb.<\/span><\/p>\n","protected":false},"excerpt":{"rendered":"<p>Madrid.- El cuadro merengue del Real Madrid ha conquistado una incre\u00edble victoria en semifinales de Champions League cuando dos goles tard\u00edos derrotaron al Bayern Munich y prepararon una final de la Liga de Campeones contra el Borussia Dortmund. El Bayern parec\u00eda encaminarse a la final cuando Alphonso Davies intervino y super\u00f3 a Andriy Lunin despu\u00e9s [&hellip;]<\/p>\n","protected":false},"author":2,"featured_media":13670,"comment_status":"open","ping_status":"closed","sticky":false,"template":"","format":"standard","meta":{"_jetpack_memberships_contains_paid_content":false,"footnotes":""},"categories":[7],"tags":[673,100],"class_list":["post-13669","post","type-post","status-publish","format-standard","has-post-thumbnail","hentry","category-futbol-internacional","tag-liga-de-campeones","tag-real-madrid"],"jetpack_featured_media_url":"https:\/\/radiocresatelital.com\/wp-content\/uploads\/2024\/05\/S27HHKQMYZCDLN7NL72KYBR43M.avif","jetpack_sharing_enabled":true,"_links":{"self":[{"href":"https:\/\/radiocresatelital.com\/index.php?rest_route=\/wp\/v2\/posts\/13669","targetHints":{"allow":["GET"]}}],"collection":[{"href":"https:\/\/radiocresatelital.com\/index.php?rest_route=\/wp\/v2\/posts"}],"about":[{"href":"https:\/\/radiocresatelital.com\/index.php?rest_route=\/wp\/v2\/types\/post"}],"author":[{"embeddable":true,"href":"https:\/\/radiocresatelital.com\/index.php?rest_route=\/wp\/v2\/users\/2"}],"replies":[{"embeddable":true,"href":"https:\/\/radiocresatelital.com\/index.php?rest_route=%2Fwp%2Fv2%2Fcomments&post=13669"}],"version-history":[{"count":1,"href":"https:\/\/radiocresatelital.com\/index.php?rest_route=\/wp\/v2\/posts\/13669\/revisions"}],"predecessor-version":[{"id":13671,"href":"https:\/\/radiocresatelital.com\/index.php?rest_route=\/wp\/v2\/posts\/13669\/revisions\/13671"}],"wp:featuredmedia":[{"embeddable":true,"href":"https:\/\/radiocresatelital.com\/index.php?rest_route=\/wp\/v2\/media\/13670"}],"wp:attachment":[{"href":"https:\/\/radiocresatelital.com\/index.php?rest_route=%2Fwp%2Fv2%2Fmedia&parent=13669"}],"wp:term":[{"taxonomy":"category","embeddable":true,"href":"https:\/\/radiocresatelital.com\/index.php?rest_route=%2Fwp%2Fv2%2Fcategories&post=13669"},{"taxonomy":"post_tag","embeddable":true,"href":"https:\/\/radiocresatelital.com\/index.php?rest_route=%2Fwp%2Fv2%2Ftags&post=13669"}],"curies":[{"name":"wp","href":"https:\/\/api.w.org\/{rel}","templated":true}]}}