{"id":13658,"date":"2024-05-07T23:42:40","date_gmt":"2024-05-07T23:42:40","guid":{"rendered":"https:\/\/radiocresatelital.com\/?p=13658"},"modified":"2024-05-07T23:42:40","modified_gmt":"2024-05-07T23:42:40","slug":"primer-finalista-en-liga-de-campeones-borussia-dortmund","status":"publish","type":"post","link":"https:\/\/radiocresatelital.com\/?p=13658","title":{"rendered":"Primer finalista en Liga de Campeones, Borussia Dortmund"},"content":{"rendered":"<p>Par{is.- El equipo alem\u00e1n, Borussia Dortmund ha ganado su partido de vuelta por 1-0 como visitante al Par\u00eds Saint-Germain clasificandose a la final de la Champions League, en la que espera al ganador de la serie que completar\u00e1n Real Madrid y Bayern M\u00fanich en la capital de Espa\u00f1a.<\/p>\n<p>Mats Hummels marc\u00f3, a los 50&#8242;, el gol de la victoria de Borussia Dortmund, que tambi\u00e9n hab\u00eda ganado por 1-0 en la ida disputada en Alemania.<\/p>\n<p>El equipo del DT Edin Terzic, que marcha en el quinto puesto de la Bundesliga ganada con anticipaci\u00f3n por Bayer Leverkusen, disputar\u00e1 el 1 de junio en el estadio londinense de Wembley su tercera final de la \u00abChampions\u00bb.<\/p>\n<p>Borussia Dortmund gan\u00f3 la edici\u00f3n 1996-97 del torneo de clubes m\u00e1s importante de Europa, en cuya definici\u00f3n de la temporada 2012-13 disputada casualmente en Wembley perdi\u00f3 justamente ante Bayern M\u00fanich, que empat\u00f3 2-2 en la ida como local de la otra semifinal ante Real Madrid.<\/p>\n<p>Hummels fue decisivo para la clasificaci\u00f3n del Borussia Dortmund, pues a los 35&#8242; impidi\u00f3 un remate de Kylian Mbapp\u00e9 dentro del \u00e1rea chica y luego sell\u00f3 la victoria al cabecear un c\u00f3rner desde la izquierda de Julian Brandt generado por un pase atr\u00e1s del brasile\u00f1o Marquinhos que no lleg\u00f3 a rechazar el italiano Gianluigi Donnarumma.<\/p>\n<p>El equipo franc\u00e9s del DT espa\u00f1ol Luis Enrique arrincon\u00f3 al Borussia Dortmund desde el pitazo inicial del italiano Daniele Orsato para buscar un gol que igualara la serie tras la derrota por 1-0 de la ida por la conquista de Niklas Fullkrug.<\/p>\n<p>Ousmane Dembel\u00e9 remato alto a los 31&#8242;, mientras que la \u00fanica oportunidad del Borussia Dortmund en la etapa inicial se registr\u00f3 cuatro minutos despu\u00e9s, cuando Donnarumma reaccion\u00f3 con su mano izquierda ante un remate de Karim Ademeyemi en la r\u00e9plica del esfuerzo de Hummels para impedir el gol de Mbapp\u00e9.<\/p>\n<p>Otra ocasi\u00f3n de peligro para PSG, campe\u00f3n de la Ligue 1, lleg\u00f3 en el primer minuto agregado de la etapa inicial, cuando un zurdazo del espa\u00f1ol Fabi\u00e1n Ruiz fue desviado al c\u00f3rner en el coraz\u00f3n del \u00e1rea chica por Nico Schlotterbeck ante la mirada at\u00f3nita del arquero suizo Gregor Kobel.<\/p>\n<p>PSG, que buscaba su segunda final de la \u00abChampions\u00bb (perdi\u00f3 con Bayern M\u00fanich en la definici\u00f3n de 2019-20) y hab\u00eda vencido por 2-0 al Borussia Dortmund como local en la primera fecha del Grupo F, aument\u00f3 su presi\u00f3n sobre el arco de Kobel al iniciar el complemento, pero volvi\u00f3 a carecer de punter\u00eda.<\/p>\n<p>El portugu\u00e9s Goncalo Ramos despej\u00f3 un centro desde la izquierda de Mbapp\u00e9 a los 47&#8242;, pero el bal\u00f3n le cay\u00f3 a su juvenil compa\u00f1ero Warren Zaire-Emery, cuya volea de derecha se estrell\u00f3 contra el palo izquierdo del equipo alem\u00e1n, que gan\u00f3 el Grupo F con 11 puntos, tres m\u00e1s que PSG.<\/p>\n<p>Ramos remat\u00f3 alto a los 61&#8242; tras jugada de su compatriota Vitinha y otra vez dos minutos despu\u00e9s, mientras que un zurdazo del tambi\u00e9n portugu\u00e9s Nuno Mendez se estrell\u00f3 contra el palo a los 61&#8242; ante la estirada de Kobel.<\/p>\n<p>Una intervenci\u00f3n del arquero suizo fue decisiva a los 80&#8242;, cuando tap\u00f3 con su mano izquierda un derechazo rasante de Mbapp\u00e9, mientras que un cabezazo de Marquinhos result\u00f3 apenas desviado dos minutos despu\u00e9s.<\/p>\n<p>Kobel volvi\u00f3 a ser responder a los 86&#8242;, cuando desvi\u00f3 una volea de Mbapp\u00e9 que termin\u00f3 estrell\u00e1ndose contra el travesa\u00f1o, contra el cual impact\u00f3 un derechazo de Vitinha dos minutos despu\u00e9s.<\/p>\n<p>En total, PSG, que el s\u00e1bado 25 disputar\u00e1 la final de la Copa de Francia contra Olympique de Lyon, estrell\u00f3 dos remates contra un palo y otros dos contra el travesa\u00f1o, mientras que Borussia Dortmund acert\u00f3 en una de las dos ocasiones que gener\u00f3 para ganar la revancha y sellar su boleto a la final.<\/p>\n<p>La eliminaci\u00f3n ante el equipo alem\u00e1n frustr\u00f3 el sue\u00f1o de Mbapp\u00e9 de ganar la \u00abChampions\u00bb antes de partir del PSG, del cual quedar\u00e1 libre al final de la temporada con la intenci\u00f3n, seg\u00fan la prensa europea, de continuar su carrera en Real Madrid.<\/p>\n","protected":false},"excerpt":{"rendered":"<p>Par{is.- El equipo alem\u00e1n, Borussia Dortmund ha ganado su partido de vuelta por 1-0 como visitante al Par\u00eds Saint-Germain clasificandose a la final de la Champions League, en la que espera al ganador de la serie que completar\u00e1n Real Madrid y Bayern M\u00fanich en la capital de Espa\u00f1a. Mats Hummels marc\u00f3, a los 50&#8242;, el [&hellip;]<\/p>\n","protected":false},"author":2,"featured_media":13659,"comment_status":"open","ping_status":"closed","sticky":false,"template":"","format":"standard","meta":{"_jetpack_memberships_contains_paid_content":false,"footnotes":""},"categories":[7,824],"tags":[1202,673],"class_list":["post-13658","post","type-post","status-publish","format-standard","has-post-thumbnail","hentry","category-futbol-internacional","category-liga-de-campeones","tag-borussia-dortmund","tag-liga-de-campeones"],"jetpack_featured_media_url":"https:\/\/radiocresatelital.com\/wp-content\/uploads\/2024\/05\/1715115920088.jpg","jetpack_sharing_enabled":true,"_links":{"self":[{"href":"https:\/\/radiocresatelital.com\/index.php?rest_route=\/wp\/v2\/posts\/13658","targetHints":{"allow":["GET"]}}],"collection":[{"href":"https:\/\/radiocresatelital.com\/index.php?rest_route=\/wp\/v2\/posts"}],"about":[{"href":"https:\/\/radiocresatelital.com\/index.php?rest_route=\/wp\/v2\/types\/post"}],"author":[{"embeddable":true,"href":"https:\/\/radiocresatelital.com\/index.php?rest_route=\/wp\/v2\/users\/2"}],"replies":[{"embeddable":true,"href":"https:\/\/radiocresatelital.com\/index.php?rest_route=%2Fwp%2Fv2%2Fcomments&post=13658"}],"version-history":[{"count":1,"href":"https:\/\/radiocresatelital.com\/index.php?rest_route=\/wp\/v2\/posts\/13658\/revisions"}],"predecessor-version":[{"id":13660,"href":"https:\/\/radiocresatelital.com\/index.php?rest_route=\/wp\/v2\/posts\/13658\/revisions\/13660"}],"wp:featuredmedia":[{"embeddable":true,"href":"https:\/\/radiocresatelital.com\/index.php?rest_route=\/wp\/v2\/media\/13659"}],"wp:attachment":[{"href":"https:\/\/radiocresatelital.com\/index.php?rest_route=%2Fwp%2Fv2%2Fmedia&parent=13658"}],"wp:term":[{"taxonomy":"category","embeddable":true,"href":"https:\/\/radiocresatelital.com\/index.php?rest_route=%2Fwp%2Fv2%2Fcategories&post=13658"},{"taxonomy":"post_tag","embeddable":true,"href":"https:\/\/radiocresatelital.com\/index.php?rest_route=%2Fwp%2Fv2%2Ftags&post=13658"}],"curies":[{"name":"wp","href":"https:\/\/api.w.org\/{rel}","templated":true}]}}