{"id":13635,"date":"2024-05-07T22:08:44","date_gmt":"2024-05-07T22:08:44","guid":{"rendered":"https:\/\/radiocresatelital.com\/?p=13635"},"modified":"2024-05-07T22:08:44","modified_gmt":"2024-05-07T22:08:44","slug":"viceministro-esteban-torres-ratifica-que-el-gobierno-respetara-los-resultados-de-la-consulta-popular-y-referendum-del-pasado-21-de-abril","status":"publish","type":"post","link":"https:\/\/radiocresatelital.com\/?p=13635","title":{"rendered":"Viceministro Esteban Torres ratifica que el Gobierno respetar\u00e1 los resultados de la Consulta Popular y Refer\u00e9ndum del pasado 21 de abril"},"content":{"rendered":"<p>Quito.-\u00a0El viceministro de Gobierno, Esteban Torres, dijo hoy que el Gobierno no insistir\u00e1 en temas como el trabajo por horas y arbitraje internacional que fueron negados por la mayor\u00eda de ecuatorianos en el proceso de Consulta Popular y Refer\u00e9ndum del pasado 21 de abril.<\/p>\n<p>\u201cCreemos que el pronunciamiento del pueblo tiene que respetarse.\u00a0 En el tema espec\u00edfico del trabajo por horas no va a ser tocado por el Gobierno Nacional\u201d, manifest\u00f3 el viceministro de Gobierno, Esteban Torres, entrevistado en radio i99, de la ciudad de Guayaquil.<\/p>\n<p>En el tema del arbitraje internacional, en el que tambi\u00e9n recibi\u00f3 una negativa por parte de los ciudadanos, el Gobierno actuar\u00e1 de la misma forma que en el caso del trabajo por horas.\u00a0 Es decir, se respetar\u00e1 la voluntad de los ecuatorianos, agreg\u00f3 el viceministro.<\/p>\n<p>Torres advirti\u00f3 que el Gobierno se mantendr\u00e1 vigilante ante cualquier intento de vulnerar el pronunciamiento de los ecuatorianos en los temas referidos a las reformas al C\u00f3digo Org\u00e1nico Integral Penal (COIP), por parte de ciertos legisladores, que buscan incluir otros temas en el tr\u00e1mite de las reformas legales que propondr\u00e1 el Ejecutivo.<\/p>\n<p>Al respecto, record\u00f3 que una abrumadora mayor\u00eda vot\u00f3 por el S\u00ed en las preguntas relativas al endurecimiento de penas, el cumplimiento de la totalidad de la pena para ciertos delitos, la tipificaci\u00f3n del delito de porte de armas de uso exclusivo de las fuerzas del orden, y la entrega de armas decomisadas a la Polic\u00eda Nacional y a las Fuerzas Armadas, contenidas en las preguntas sobre seguridad.<\/p>\n<p>En este sentido, resalt\u00f3 que la consulta configura un proceso expr\u00e9s para tratar estos temas en un plazo m\u00e1ximo de 60 d\u00edas, para lo cual el presidente de la Rep\u00fablica, Daniel Noboa, deber\u00e1 enviar a la Asamblea los correspondientes proyectos de Ley.<\/p>\n<p>\u201cIncluir temas que no fueron respaldados en la Consulta ser\u00eda un desconociendo al mandato popular; vamos a estar vigilantes de que eso no pase. Espero que haya seriedad por parte de la Asamblea\u201d, enfatiz\u00f3.<\/p>\n<p>De acuerdo con los anexos de las preguntas G, H , I y J, el Ejecutivo deber\u00e1 remitir los proyectos de Ley en un plazo de cinco d\u00edas, una vez proclamados los resultados oficiales (a cargo del Consejo Nacional Electoral) y publicados en el Registro Oficial.<\/p>\n","protected":false},"excerpt":{"rendered":"<p>Quito.-\u00a0El viceministro de Gobierno, Esteban Torres, dijo hoy que el Gobierno no insistir\u00e1 en temas como el trabajo por horas y arbitraje internacional que fueron negados por la mayor\u00eda de ecuatorianos en el proceso de Consulta Popular y Refer\u00e9ndum del pasado 21 de abril. \u201cCreemos que el pronunciamiento del pueblo tiene que respetarse.\u00a0 En el [&hellip;]<\/p>\n","protected":false},"author":2,"featured_media":13636,"comment_status":"open","ping_status":"closed","sticky":false,"template":"","format":"standard","meta":{"_jetpack_memberships_contains_paid_content":false,"footnotes":""},"categories":[13],"tags":[1715],"class_list":["post-13635","post","type-post","status-publish","format-standard","has-post-thumbnail","hentry","category-noticias-nacionales","tag-viceministro-de-gobierno"],"jetpack_featured_media_url":"https:\/\/radiocresatelital.com\/wp-content\/uploads\/2024\/05\/esteban-torres-nomina-estatal-economia.webp","jetpack_sharing_enabled":true,"_links":{"self":[{"href":"https:\/\/radiocresatelital.com\/index.php?rest_route=\/wp\/v2\/posts\/13635","targetHints":{"allow":["GET"]}}],"collection":[{"href":"https:\/\/radiocresatelital.com\/index.php?rest_route=\/wp\/v2\/posts"}],"about":[{"href":"https:\/\/radiocresatelital.com\/index.php?rest_route=\/wp\/v2\/types\/post"}],"author":[{"embeddable":true,"href":"https:\/\/radiocresatelital.com\/index.php?rest_route=\/wp\/v2\/users\/2"}],"replies":[{"embeddable":true,"href":"https:\/\/radiocresatelital.com\/index.php?rest_route=%2Fwp%2Fv2%2Fcomments&post=13635"}],"version-history":[{"count":1,"href":"https:\/\/radiocresatelital.com\/index.php?rest_route=\/wp\/v2\/posts\/13635\/revisions"}],"predecessor-version":[{"id":13637,"href":"https:\/\/radiocresatelital.com\/index.php?rest_route=\/wp\/v2\/posts\/13635\/revisions\/13637"}],"wp:featuredmedia":[{"embeddable":true,"href":"https:\/\/radiocresatelital.com\/index.php?rest_route=\/wp\/v2\/media\/13636"}],"wp:attachment":[{"href":"https:\/\/radiocresatelital.com\/index.php?rest_route=%2Fwp%2Fv2%2Fmedia&parent=13635"}],"wp:term":[{"taxonomy":"category","embeddable":true,"href":"https:\/\/radiocresatelital.com\/index.php?rest_route=%2Fwp%2Fv2%2Fcategories&post=13635"},{"taxonomy":"post_tag","embeddable":true,"href":"https:\/\/radiocresatelital.com\/index.php?rest_route=%2Fwp%2Fv2%2Ftags&post=13635"}],"curies":[{"name":"wp","href":"https:\/\/api.w.org\/{rel}","templated":true}]}}