{"id":13611,"date":"2024-05-06T23:08:27","date_gmt":"2024-05-06T23:08:27","guid":{"rendered":"https:\/\/radiocresatelital.com\/?p=13611"},"modified":"2024-05-06T23:08:45","modified_gmt":"2024-05-06T23:08:45","slug":"prefectura-de-azuay-habilita-parcialmente-la-via-cuenca-molleturo-de-competencia-del-mtop","status":"publish","type":"post","link":"https:\/\/radiocresatelital.com\/?p=13611","title":{"rendered":"Prefectura de Azuay habilita parcialmente la v\u00eda Cuenca \u2013 Molleturo de competencia del MTOP"},"content":{"rendered":"<p>Cuenca.- La ma\u00f1ana de este lunes se instal\u00f3 la mesa t\u00e9cnica del COE cantonal para evaluar la situaci\u00f3n del aluvi\u00f3n presentado en los kil\u00f3metros 13 y 14 ubicados en la parroquia Sayaus\u00ed cant\u00f3n Cuenca, puntos m\u00e1s cr\u00edticos afectados por la naturaleza.<\/p>\n<p>Al momento la v\u00eda se encuentra habilitada parcialmente para los veh\u00edculos de emergencia y personas atrapadas; sin embargo la maquinaria y equipo humano de la Prefectura de Azuay contin\u00faan realizando labores de limpieza y desalojo de material.<\/p>\n<p>Posterior a la reuni\u00f3n en el Consejo de Seguridad Ciudadana con las principales autoridades Alexandra Quintanilla, viceprefecta de Azuay; Cristian Zamora, alcalde de Cuenca; el presidente Gobierno Parroquial de Sayaus\u00ed, Daniel Lazo y m\u00e1s organismos de socorro, recorrieron la zona cero para verificar los trabajos de limpieza en el sector.<\/p>\n<p>Una cargadora frontal, dron especializado, excavadora, tractor D6, 8 volquetes, sumado a ello personal t\u00e9cnico integrado con 8 personas y 20 personas operativas trabajan en el sector.<\/p>\n<p>Adem\u00e1s, por parte de la Prefectura de Azuay se entreg\u00f3 raciones alimenticias a los damnificados y personal operario de la maquinaria pesada.<\/p>\n<p>Alexandra Quintanilla Zamora, viceprefecta del Azuay, manifest\u00f3 el compromiso desde la Prefectura el apoyar con maquinaria en las emergencias viales.<\/p>\n<p>Finalmente, hizo un llamado a la poblaci\u00f3n para que cuide los p\u00e1ramos y se evite la deforestaci\u00f3n de vegetaci\u00f3n arb\u00f3rea, as\u00ed como transitar con precauci\u00f3n por la v\u00eda Cuenca \u2013 Molleturo \u2013 El Empalme, hasta que en las pr\u00f3ximas horas se habilite con totalidad, el tr\u00e1nsito vehicular.<\/p>\n","protected":false},"excerpt":{"rendered":"<p>Cuenca.- La ma\u00f1ana de este lunes se instal\u00f3 la mesa t\u00e9cnica del COE cantonal para evaluar la situaci\u00f3n del aluvi\u00f3n presentado en los kil\u00f3metros 13 y 14 ubicados en la parroquia Sayaus\u00ed cant\u00f3n Cuenca, puntos m\u00e1s cr\u00edticos afectados por la naturaleza. Al momento la v\u00eda se encuentra habilitada parcialmente para los veh\u00edculos de emergencia y [&hellip;]<\/p>\n","protected":false},"author":2,"featured_media":13612,"comment_status":"open","ping_status":"closed","sticky":false,"template":"","format":"standard","meta":{"_jetpack_memberships_contains_paid_content":false,"footnotes":""},"categories":[13],"tags":[2243,2242],"class_list":["post-13611","post","type-post","status-publish","format-standard","has-post-thumbnail","hentry","category-noticias-nacionales","tag-canton-cuenca","tag-parroquia-sayausi"],"jetpack_featured_media_url":"https:\/\/radiocresatelital.com\/wp-content\/uploads\/2024\/05\/ba5f9f17-84eb-4572-bd48-8484b85ed42a-scaled.jpg","jetpack_sharing_enabled":true,"_links":{"self":[{"href":"https:\/\/radiocresatelital.com\/index.php?rest_route=\/wp\/v2\/posts\/13611","targetHints":{"allow":["GET"]}}],"collection":[{"href":"https:\/\/radiocresatelital.com\/index.php?rest_route=\/wp\/v2\/posts"}],"about":[{"href":"https:\/\/radiocresatelital.com\/index.php?rest_route=\/wp\/v2\/types\/post"}],"author":[{"embeddable":true,"href":"https:\/\/radiocresatelital.com\/index.php?rest_route=\/wp\/v2\/users\/2"}],"replies":[{"embeddable":true,"href":"https:\/\/radiocresatelital.com\/index.php?rest_route=%2Fwp%2Fv2%2Fcomments&post=13611"}],"version-history":[{"count":1,"href":"https:\/\/radiocresatelital.com\/index.php?rest_route=\/wp\/v2\/posts\/13611\/revisions"}],"predecessor-version":[{"id":13613,"href":"https:\/\/radiocresatelital.com\/index.php?rest_route=\/wp\/v2\/posts\/13611\/revisions\/13613"}],"wp:featuredmedia":[{"embeddable":true,"href":"https:\/\/radiocresatelital.com\/index.php?rest_route=\/wp\/v2\/media\/13612"}],"wp:attachment":[{"href":"https:\/\/radiocresatelital.com\/index.php?rest_route=%2Fwp%2Fv2%2Fmedia&parent=13611"}],"wp:term":[{"taxonomy":"category","embeddable":true,"href":"https:\/\/radiocresatelital.com\/index.php?rest_route=%2Fwp%2Fv2%2Fcategories&post=13611"},{"taxonomy":"post_tag","embeddable":true,"href":"https:\/\/radiocresatelital.com\/index.php?rest_route=%2Fwp%2Fv2%2Ftags&post=13611"}],"curies":[{"name":"wp","href":"https:\/\/api.w.org\/{rel}","templated":true}]}}