{"id":13556,"date":"2024-05-05T19:28:19","date_gmt":"2024-05-05T19:28:19","guid":{"rendered":"https:\/\/radiocresatelital.com\/?p=13556"},"modified":"2024-05-05T19:28:19","modified_gmt":"2024-05-05T19:28:19","slug":"fallece-cesar-luis-menotti-extecnico-de-la-seleccion-argentina","status":"publish","type":"post","link":"https:\/\/radiocresatelital.com\/?p=13556","title":{"rendered":"Fallece C\u00e9sar Luis Menotti ext\u00e9cnico de la Selecci\u00f3n Argentina"},"content":{"rendered":"<p>Buenos Aires.- El balompi\u00e9 internacional y mundial como el argentino, se encuentra de luto ante el fallecimiento del t\u00e9cnico C\u00e9sar Luis Menotti a los 85 a\u00f1os quien fue t\u00e9cnico de la \u00abalbiceleste que gan\u00f3 el Mundial 78 y Director de Selecciones de la Asociaci\u00f3n del F\u00fatbol Argentino (AFA).<\/p>\n<p>La Asociaci\u00f3n del F\u00fatbol Argentino lamenta informar con enorme tristeza el fallecimiento de C\u00e9sar Luis Menotti, actual Director de Selecciones Nacionales y ex t\u00e9cnico Campe\u00f3n del Mundo de @Argentina.<\/p>\n<div id=\"inArticle\">\n<aside>\n<div class=\"ob-smartfeed-wrapper feedIdx-0\">\n<div id=\"outbrain_widget_0\" class=\"OUTBRAIN\" data-src=\"DROP_PERMALINK_HERE\" data-widget-id=\"AR_4\" data-ob-mark=\"true\" data-browser=\"chrome\" data-os=\"win32\" data-dynload=\"\" data-idx=\"0\">\n<div class=\"ob-widget ob-feed-layout CR_7\">\n<div class=\"ob-widget-footer\">\n<div class=\"ob_what ob_what_resp\">\u00a1Hasta siempre, Flaco querido!\u00bb, se lee en el mensaje publicado por la AFA en redes sociales.<\/div>\n<\/div>\n<\/div>\n<\/div>\n<\/div>\n<\/aside>\n<\/div>\n<p>Menotti hab\u00eda sido internado en el sanatorio Agote de la Ciudad Aut\u00f3noma de Buenos Aires el pasado 31 de marzo por un cuadro severo de anemia Esos reportes refer\u00edan que Menotti hab\u00eda estado \u00abinapetente\u00bb varios d\u00edas y sus condiciones de salud mejoraron luego que le aplicaran suero y le realizaran una serie de transfusiones.<\/p>\n<p>El ex entrenador, conocido como \u00abel Flaco\u00bb y operado en 2011 de un n\u00f3dulo pulmonar por su excesivo consumo de cigarrillos, hab\u00eda sufrido adem\u00e1s una tromboflebitis en una pierna, por lo que hab\u00eda sido trasladado al hospital Agote, del cual pidi\u00f3 recibir el alta una vez que comenz\u00f3 a evolucionar.<\/p>\n<p>Menotti aval\u00f3 en su momento la contrataci\u00f3n de Lionel Scaloni como DT de la selecci\u00f3n albiceleste, con la que gan\u00f3 la Copa Am\u00e9rica 2021, el Mundial de Qatar 2022 y la Final\u00edsima ante Italia en junio de ese mismo a\u00f1o.<\/p>\n<p>Menotti, que dirigi\u00f3 durante su extensa carrera, entre otros, a Sampdoria, Barcelona, Atl\u00e9tico Madrid, Pe\u00f1arol, River Plate, Boca J\u00faniors, Independiente, Puebla y Tecos, hab\u00eda sido hospitalizado en agosto de 2023 luego de sufrir una hemorragia interna como consecuencia de un accidente dom\u00e9stico.<\/p>\n","protected":false},"excerpt":{"rendered":"<p>Buenos Aires.- El balompi\u00e9 internacional y mundial como el argentino, se encuentra de luto ante el fallecimiento del t\u00e9cnico C\u00e9sar Luis Menotti a los 85 a\u00f1os quien fue t\u00e9cnico de la \u00abalbiceleste que gan\u00f3 el Mundial 78 y Director de Selecciones de la Asociaci\u00f3n del F\u00fatbol Argentino (AFA). La Asociaci\u00f3n del F\u00fatbol Argentino lamenta informar [&hellip;]<\/p>\n","protected":false},"author":2,"featured_media":13557,"comment_status":"open","ping_status":"closed","sticky":false,"template":"","format":"standard","meta":{"_jetpack_memberships_contains_paid_content":false,"footnotes":""},"categories":[7],"tags":[2232,2233],"class_list":["post-13556","post","type-post","status-publish","format-standard","has-post-thumbnail","hentry","category-futbol-internacional","tag-cesar-luis-menotti","tag-tecnico-argentino"],"jetpack_featured_media_url":"https:\/\/radiocresatelital.com\/wp-content\/uploads\/2024\/05\/Cesar-Luis-Menotti.jpg","jetpack_sharing_enabled":true,"_links":{"self":[{"href":"https:\/\/radiocresatelital.com\/index.php?rest_route=\/wp\/v2\/posts\/13556","targetHints":{"allow":["GET"]}}],"collection":[{"href":"https:\/\/radiocresatelital.com\/index.php?rest_route=\/wp\/v2\/posts"}],"about":[{"href":"https:\/\/radiocresatelital.com\/index.php?rest_route=\/wp\/v2\/types\/post"}],"author":[{"embeddable":true,"href":"https:\/\/radiocresatelital.com\/index.php?rest_route=\/wp\/v2\/users\/2"}],"replies":[{"embeddable":true,"href":"https:\/\/radiocresatelital.com\/index.php?rest_route=%2Fwp%2Fv2%2Fcomments&post=13556"}],"version-history":[{"count":1,"href":"https:\/\/radiocresatelital.com\/index.php?rest_route=\/wp\/v2\/posts\/13556\/revisions"}],"predecessor-version":[{"id":13558,"href":"https:\/\/radiocresatelital.com\/index.php?rest_route=\/wp\/v2\/posts\/13556\/revisions\/13558"}],"wp:featuredmedia":[{"embeddable":true,"href":"https:\/\/radiocresatelital.com\/index.php?rest_route=\/wp\/v2\/media\/13557"}],"wp:attachment":[{"href":"https:\/\/radiocresatelital.com\/index.php?rest_route=%2Fwp%2Fv2%2Fmedia&parent=13556"}],"wp:term":[{"taxonomy":"category","embeddable":true,"href":"https:\/\/radiocresatelital.com\/index.php?rest_route=%2Fwp%2Fv2%2Fcategories&post=13556"},{"taxonomy":"post_tag","embeddable":true,"href":"https:\/\/radiocresatelital.com\/index.php?rest_route=%2Fwp%2Fv2%2Ftags&post=13556"}],"curies":[{"name":"wp","href":"https:\/\/api.w.org\/{rel}","templated":true}]}}