{"id":13517,"date":"2024-05-02T23:46:58","date_gmt":"2024-05-02T23:46:58","guid":{"rendered":"https:\/\/radiocresatelital.com\/?p=13517"},"modified":"2024-05-02T23:46:58","modified_gmt":"2024-05-02T23:46:58","slug":"ministerio-del-deporte-cumple-visita-integral-a-cada-liga-deportiva-cantonal-de-bolivar","status":"publish","type":"post","link":"https:\/\/radiocresatelital.com\/?p=13517","title":{"rendered":"Ministerio del Deporte cumple visita integral a cada Liga Deportiva Cantonal de Bol\u00edvar"},"content":{"rendered":"<p>Echeand\u00eda (Bol\u00edvar).- Este jueves, Bol\u00edvar Escobar, Coordinador Zonal 8 del Ministerio del Deporte, culmin\u00f3 su agenda territorial en Bol\u00edvar. En el segundo d\u00eda de actividades, cumpli\u00f3 con un recorrido integral por distintas Ligas Deportivas Cantonales (LDC).<\/p>\n<p>La jornada inici\u00f3 con la visita a la LDC de Echeand\u00eda, un epicentro deportivo donde se impulsa el atletismo y el f\u00fatbol. All\u00ed, Escobar se reuni\u00f3 con representantes de la LDC y presenci\u00f3 de primera mano los entrenamientos de los clubes filiales que utilizan la cancha para perfeccionar sus habilidades.<\/p>\n<p>Posteriormente, el Coordinador Zonal se traslad\u00f3 a la LDC Las Naves, donde sostuvo un di\u00e1logo constructivo con sus l\u00edderes y examin\u00f3 las instalaciones con las que cuenta esta organizaci\u00f3n.<\/p>\n<p>La jornada culmin\u00f3 con un importante encuentro en la LDC Caluma, donde Escobar tuvo la oportunidad de conocer de cerca el coliseo, el ring de boxeo y las \u00e1reas destinadas para la pr\u00e1ctica de lucha y artes marciales. Junto a Jefferson Olalla, presidente de la Federaci\u00f3n Deportiva de Bol\u00edvar, Escobar reafirm\u00f3 el compromiso de trabajar de la mano con las autoridades deportivas locales para promover el desarrollo integral de los ni\u00f1os y j\u00f3venes.<\/p>\n<p>\u201cPor primera vez en la historia, el Ministerio del Deporte ha completado una visita a cada Liga Deportiva Cantonal en Bol\u00edvar. Este momento marca un paso significativo para el deporte local, por el s\u00f3lido respaldo del Ministerio. Este apoyo generar\u00e1 un impacto positivo en el futuro de nuestros ni\u00f1os, ni\u00f1as y adolescentes, quienes ven en el deporte una plataforma para alcanzar sus sue\u00f1os\u201d, dijo Olalla.<\/p>\n<p>Con este recorrido por las Ligas Deportivas Cantonales de Chillanes, Chimbo, Echeand\u00eda, San Miguel, Las Naves y Caluma, el Ministerio del Deporte marca un hito significativo al visitar todas las LDC de la provincia de Bol\u00edvar. Este compromiso evidencia el enfoque inclusivo y participativo de esta cartera de estado en las comunidades, fortaleciendo as\u00ed el tejido deportivo a nivel local, provincial y nacional.<\/p>\n","protected":false},"excerpt":{"rendered":"<p>Echeand\u00eda (Bol\u00edvar).- Este jueves, Bol\u00edvar Escobar, Coordinador Zonal 8 del Ministerio del Deporte, culmin\u00f3 su agenda territorial en Bol\u00edvar. En el segundo d\u00eda de actividades, cumpli\u00f3 con un recorrido integral por distintas Ligas Deportivas Cantonales (LDC). La jornada inici\u00f3 con la visita a la LDC de Echeand\u00eda, un epicentro deportivo donde se impulsa el atletismo [&hellip;]<\/p>\n","protected":false},"author":2,"featured_media":13518,"comment_status":"open","ping_status":"closed","sticky":false,"template":"","format":"standard","meta":{"_jetpack_memberships_contains_paid_content":false,"footnotes":""},"categories":[9],"tags":[169],"class_list":["post-13517","post","type-post","status-publish","format-standard","has-post-thumbnail","hentry","category-deportes","tag-ministerio-del-deporte"],"jetpack_featured_media_url":"https:\/\/radiocresatelital.com\/wp-content\/uploads\/2024\/05\/d05ef57f-0db6-4759-8389-59759108e3de-1536x1024-1.jpeg","jetpack_sharing_enabled":true,"_links":{"self":[{"href":"https:\/\/radiocresatelital.com\/index.php?rest_route=\/wp\/v2\/posts\/13517","targetHints":{"allow":["GET"]}}],"collection":[{"href":"https:\/\/radiocresatelital.com\/index.php?rest_route=\/wp\/v2\/posts"}],"about":[{"href":"https:\/\/radiocresatelital.com\/index.php?rest_route=\/wp\/v2\/types\/post"}],"author":[{"embeddable":true,"href":"https:\/\/radiocresatelital.com\/index.php?rest_route=\/wp\/v2\/users\/2"}],"replies":[{"embeddable":true,"href":"https:\/\/radiocresatelital.com\/index.php?rest_route=%2Fwp%2Fv2%2Fcomments&post=13517"}],"version-history":[{"count":1,"href":"https:\/\/radiocresatelital.com\/index.php?rest_route=\/wp\/v2\/posts\/13517\/revisions"}],"predecessor-version":[{"id":13519,"href":"https:\/\/radiocresatelital.com\/index.php?rest_route=\/wp\/v2\/posts\/13517\/revisions\/13519"}],"wp:featuredmedia":[{"embeddable":true,"href":"https:\/\/radiocresatelital.com\/index.php?rest_route=\/wp\/v2\/media\/13518"}],"wp:attachment":[{"href":"https:\/\/radiocresatelital.com\/index.php?rest_route=%2Fwp%2Fv2%2Fmedia&parent=13517"}],"wp:term":[{"taxonomy":"category","embeddable":true,"href":"https:\/\/radiocresatelital.com\/index.php?rest_route=%2Fwp%2Fv2%2Fcategories&post=13517"},{"taxonomy":"post_tag","embeddable":true,"href":"https:\/\/radiocresatelital.com\/index.php?rest_route=%2Fwp%2Fv2%2Ftags&post=13517"}],"curies":[{"name":"wp","href":"https:\/\/api.w.org\/{rel}","templated":true}]}}