{"id":13508,"date":"2024-05-02T23:35:11","date_gmt":"2024-05-02T23:35:11","guid":{"rendered":"https:\/\/radiocresatelital.com\/?p=13508"},"modified":"2024-05-02T23:35:11","modified_gmt":"2024-05-02T23:35:11","slug":"mes-de-europa-en-ecuador-un-compromiso-mutuo","status":"publish","type":"post","link":"https:\/\/radiocresatelital.com\/?p=13508","title":{"rendered":"Mes de Europa en Ecuador: un compromiso mutuo"},"content":{"rendered":"<p>Quito.- Cada mayo se celebra el D\u00eda de Europa (9 de mayo). Esta fecha marca el aniversario de la \u00abDeclaraci\u00f3n Schuman\u00bb que impuls\u00f3 una nueva forma de cooperaci\u00f3n pol\u00edtica entre las naciones europeas. En este sentido, este mes se constituye en una valiosa oportunidad para que la UE y sus Estados miembros conmemoren, junto a Ecuador, las bases de la unidad europea al tiempo de celebrar nuestra estrecha relaci\u00f3n guiada por los mismos valores.<\/p>\n<p>\u201cComo Uni\u00f3n Europea seguimos fortaleciendo nuestro proyecto de paz y prosperidad junto a Ecuador sobre la base del respeto a la libertad, la democracia, la igualdad, el Estado de Derecho y los derechos humanos. A nivel europeo, resulta importante comprometernos con la defensa de estos principios, sobre todo a las puertas de las elecciones al Parlamento Europeo y en medio del dif\u00edcil entorno geopol\u00edtico, con dos guerras en nuestras fronteras. A nivel de nuestra acci\u00f3n exterior, es vital seguir afianzando el multilateralismo y fomentando asociaciones que permitan invertir en el desarrollo sostenible, verde e inclusivo como se busca a trav\u00e9s de la estrategia Global Gateway\u00bb, expres\u00f3 el Embajador de la Uni\u00f3n Europea en Ecuador, Charles-Michel Geurts.<\/p>\n<p>Para reflexionar sobre este contexto y la esencia de nuestro compromiso bilateral, la Uni\u00f3n Europea y sus Estados miembros en Ecuador ha organizado una variada agenda de actividades en los siguientes temas:<\/p>\n<p><strong>20 a\u00f1os de la ampliaci\u00f3n de la Uni\u00f3n Europea<\/strong><\/p>\n<p>Abrimos el mes con el vig\u00e9simo aniversario de la ampliaci\u00f3n hist\u00f3rica de 10 nuevos Estados miembros de la UE: Chipre, Rep\u00fablica Checa, Estonia, Hungr\u00eda, Letonia, Lituania, Malta, Polonia, Eslovaquia y Eslovenia. Para profundizar sobre los beneficios y el s\u00f3lido crecimiento econ\u00f3mico que no solo estos pa\u00edses, sino la Uni\u00f3n Europea como un todo han experimentado durante estos a\u00f1os, se realiz\u00f3 un conversatorio organizado por la Embajada de Hungr\u00eda y el Centro de Estudios Europeos de la Universidad San Francisco de Quito.<\/p>\n<p><strong>Libertad, democracia y derechos humanos<\/strong><\/p>\n<p>La protecci\u00f3n de la libertad de expresi\u00f3n es una prioridad de la UE en materia de derechos humanos, por ello, para conmemorar el D\u00eda Internacional de la Libertad de Prensa (3 de mayo) se realizar\u00e1n acercamientos con los medios de comunicaci\u00f3n para dialogar sobre la importancia de la democracia, a prop\u00f3sito de las elecciones europeas y se organizar\u00e1 un foro, junto a la Alianza Francesa de Quito, por el Mes de la Educaci\u00f3n Medi\u00e1tica con el caricaturista franc\u00e9s Adjim Danngar. Adem\u00e1s, en el marco del D\u00eda Internacional contra la Homofobia, la Bifobia y la Transfobia &#8211; IDAHOT (17 de mayo), bajo el lema \u00abque nadie se quede atr\u00e1s: Igualdad, libertad y justicia para todos\u00bb, la UE apoyar\u00e1 la exposici\u00f3n fotogr\u00e1fica Sport Friendly, organizada por la Red de Alianzas Francesas, que se alza contra la discriminaci\u00f3n en el deporte; y un foro con la Fundaci\u00f3n Equidad y la Universidad Cat\u00f3lica del Ecuador con sociedad civil, autoridades, organizaciones internacionales y representantes de la comunidad LGBTIQ+.<\/p>\n<p><strong>Arte y di\u00e1logo intercultural<\/strong><\/p>\n<p>La UE invita durante este mes a valorar y cuestionar el \u201csomos\u201d en una sociedad global, diversa, pluricultural y multi\u00e9tnica a trav\u00e9s de la exposici\u00f3n Identidades L\u00edquidas (8 de mayo) misma que, de la mano del cineasta neerland\u00e9s Rob Rombout y seis grandes artistas visuales ecuatorianos, presentar\u00e1n al p\u00fablico una met\u00e1fora que describe a una sociedad en construcci\u00f3n, resiliente y en evanescencia. Adem\u00e1s, junto a la Casa de la M\u00fasica y la Embajada de Alemania, se ofrecer\u00e1 el Concierto \u201cDanzando con Europa\u201d (11 de mayo), encuentro musical de alt\u00edsimo nivel, con la participaci\u00f3n del prodigioso contrabajista venezolano Edicson Ruiz, desde la Orquesta Filarm\u00f3nica de Berl\u00edn y la Orquesta Sinf\u00f3nica Nacional de Ecuador.<\/p>\n<p><strong>Global Gateway<\/strong><\/p>\n<p>El Equipo Europa trabajar\u00e1 junto a las contrapartes ecuatorianas en una hoja de ruta para la implementaci\u00f3n de la estrategia Global Gateway. Esta iniciativa permitir\u00e1 la utilizaci\u00f3n de fondos reembolsables y no reembolsables, garant\u00edas financieras e inversiones del sector privado europeo para apoyar al pa\u00eds en temas de educaci\u00f3n, salud, digitalizaci\u00f3n, transporte sostenible y clima &#8211; energ\u00eda. En esa l\u00ednea, el 28 de mayo se llevar\u00e1 a cabo el lanzamiento del Proyecto \u201cSan Andr\u00e9s y Manglaralto, parroquias libres de desnutrici\u00f3n cr\u00f3nica infantil\u00bb, liderado por organizaciones de la sociedad civil: Ayuda en Acci\u00f3n y Fundaci\u00f3n ESQUEL, con el GAD Municipal de Guano y de Santa Elena, por un monto de EUR 4 M de fondos no reembolsables para brindar agua segura; garantizar el acceso a alimentos sanos, suficientes y nutritivos; y brindar servicios de salud y desarrollo integral a mujeres en edad reproductiva, madres gestantes y los ni\u00f1os y ni\u00f1as durante sus primeros 1000 d\u00edas.<\/p>\n<p>Para m\u00e1s detalles, siga nuestras redes sociales: X y FB: @UEenEcuador; IG: UEEcuador y IN: Uni\u00f3n Europea en Ecuador.<\/p>\n","protected":false},"excerpt":{"rendered":"<p>Quito.- Cada mayo se celebra el D\u00eda de Europa (9 de mayo). Esta fecha marca el aniversario de la \u00abDeclaraci\u00f3n Schuman\u00bb que impuls\u00f3 una nueva forma de cooperaci\u00f3n pol\u00edtica entre las naciones europeas. En este sentido, este mes se constituye en una valiosa oportunidad para que la UE y sus Estados miembros conmemoren, junto a [&hellip;]<\/p>\n","protected":false},"author":2,"featured_media":13509,"comment_status":"open","ping_status":"closed","sticky":false,"template":"","format":"standard","meta":{"_jetpack_memberships_contains_paid_content":false,"footnotes":""},"categories":[13],"tags":[285],"class_list":["post-13508","post","type-post","status-publish","format-standard","has-post-thumbnail","hentry","category-noticias-nacionales","tag-union-europea"],"jetpack_featured_media_url":"https:\/\/radiocresatelital.com\/wp-content\/uploads\/2024\/05\/thumbnail_Dia-de-Europa_Mesa-de-trabajo-4.png","jetpack_sharing_enabled":true,"_links":{"self":[{"href":"https:\/\/radiocresatelital.com\/index.php?rest_route=\/wp\/v2\/posts\/13508","targetHints":{"allow":["GET"]}}],"collection":[{"href":"https:\/\/radiocresatelital.com\/index.php?rest_route=\/wp\/v2\/posts"}],"about":[{"href":"https:\/\/radiocresatelital.com\/index.php?rest_route=\/wp\/v2\/types\/post"}],"author":[{"embeddable":true,"href":"https:\/\/radiocresatelital.com\/index.php?rest_route=\/wp\/v2\/users\/2"}],"replies":[{"embeddable":true,"href":"https:\/\/radiocresatelital.com\/index.php?rest_route=%2Fwp%2Fv2%2Fcomments&post=13508"}],"version-history":[{"count":1,"href":"https:\/\/radiocresatelital.com\/index.php?rest_route=\/wp\/v2\/posts\/13508\/revisions"}],"predecessor-version":[{"id":13510,"href":"https:\/\/radiocresatelital.com\/index.php?rest_route=\/wp\/v2\/posts\/13508\/revisions\/13510"}],"wp:featuredmedia":[{"embeddable":true,"href":"https:\/\/radiocresatelital.com\/index.php?rest_route=\/wp\/v2\/media\/13509"}],"wp:attachment":[{"href":"https:\/\/radiocresatelital.com\/index.php?rest_route=%2Fwp%2Fv2%2Fmedia&parent=13508"}],"wp:term":[{"taxonomy":"category","embeddable":true,"href":"https:\/\/radiocresatelital.com\/index.php?rest_route=%2Fwp%2Fv2%2Fcategories&post=13508"},{"taxonomy":"post_tag","embeddable":true,"href":"https:\/\/radiocresatelital.com\/index.php?rest_route=%2Fwp%2Fv2%2Ftags&post=13508"}],"curies":[{"name":"wp","href":"https:\/\/api.w.org\/{rel}","templated":true}]}}