{"id":13502,"date":"2024-05-02T23:27:45","date_gmt":"2024-05-02T23:27:45","guid":{"rendered":"https:\/\/radiocresatelital.com\/?p=13502"},"modified":"2024-05-02T23:27:45","modified_gmt":"2024-05-02T23:27:45","slug":"buque-escuela-guayas-zarpa-para-fortalecer-la-seguridad-y-la-lucha-contra-el-crimen-organizado","status":"publish","type":"post","link":"https:\/\/radiocresatelital.com\/?p=13502","title":{"rendered":"Buque Escuela Guayas zarpa para fortalecer la seguridad y la lucha contra el crimen organizado"},"content":{"rendered":"<p>Guayaquil.- El zarpe del Buque Escuela Guayas marca un hito significativo en la estrategia nacional de defensa y cooperaci\u00f3n internacional. Bajo el liderazgo del ministro de Defensa Nacional, Gian Carlo Loffredo, este despliegue refuerza el compromiso de preparar y fortalecer al personal naval del pa\u00eds para hacer frente a las amenazas del crimen organizado a nivel internacional.<\/p>\n<p>Durante los pr\u00f3ximos 164 d\u00edas, nuestros guardiamarinas y marinos se sumergir\u00e1n en un riguroso proceso de entrenamiento naval en alta mar, participando en el Crucero Internacional de Instrucci\u00f3n \u00abTall Ship Races Mar B\u00e1ltico 2024\u00bb. Este esfuerzo no solo busca mejorar las capacidades operativas navales, sino tambi\u00e9n fortalecer la cooperaci\u00f3n y el intercambio de experiencias con armadas aliadas en<br \/>\nla lucha contra el crimen transnacional.<\/p>\n<p>El Buque Escuela Guayas, adem\u00e1s de ser un s\u00edmbolo de nuestra Fuerza Naval, se convierte en un embajador de los intereses y valores del Ecuador en el escenario internacional.<\/p>\n<p>La nominaci\u00f3n como \u00abEmbajador del Chocolate y Cacao del Ecuador\u00bb subraya la determinaci\u00f3n de promover los productos emblem\u00e1ticos y fortalecer los lazos comerciales con otras naciones, as\u00ed como apoyar a otras instituciones del Estado, al servir como oficina m\u00f3vil consular durante su estad\u00eda en Lisboa\u2013Portugal en beneficio de los ciudadanos ecuatorianos en el exterior.<\/p>\n<p>Desde el Ministerio de Defensa Nacional, expresamos el firme respaldo y deseamos \u00e9xito a todo el personal involucrado en este crucial proceso de entrenamiento naval. Confiamos en que regresar\u00e1n a nuestras costas con valiosas habilidades y conocimientos, listos para enfrentar los desaf\u00edos que aguardan en los mares del mundo y representar dignamente a Ecuador en el \u00e1mbito internacional.<\/p>\n","protected":false},"excerpt":{"rendered":"<p>Guayaquil.- El zarpe del Buque Escuela Guayas marca un hito significativo en la estrategia nacional de defensa y cooperaci\u00f3n internacional. Bajo el liderazgo del ministro de Defensa Nacional, Gian Carlo Loffredo, este despliegue refuerza el compromiso de preparar y fortalecer al personal naval del pa\u00eds para hacer frente a las amenazas del crimen organizado a [&hellip;]<\/p>\n","protected":false},"author":2,"featured_media":13503,"comment_status":"open","ping_status":"closed","sticky":false,"template":"","format":"standard","meta":{"_jetpack_memberships_contains_paid_content":false,"footnotes":""},"categories":[13],"tags":[2220],"class_list":["post-13502","post","type-post","status-publish","format-standard","has-post-thumbnail","hentry","category-noticias-nacionales","tag-buque-escuela-guayas"],"jetpack_featured_media_url":"https:\/\/radiocresatelital.com\/wp-content\/uploads\/2024\/05\/63335f5d5f468.jpeg","jetpack_sharing_enabled":true,"_links":{"self":[{"href":"https:\/\/radiocresatelital.com\/index.php?rest_route=\/wp\/v2\/posts\/13502","targetHints":{"allow":["GET"]}}],"collection":[{"href":"https:\/\/radiocresatelital.com\/index.php?rest_route=\/wp\/v2\/posts"}],"about":[{"href":"https:\/\/radiocresatelital.com\/index.php?rest_route=\/wp\/v2\/types\/post"}],"author":[{"embeddable":true,"href":"https:\/\/radiocresatelital.com\/index.php?rest_route=\/wp\/v2\/users\/2"}],"replies":[{"embeddable":true,"href":"https:\/\/radiocresatelital.com\/index.php?rest_route=%2Fwp%2Fv2%2Fcomments&post=13502"}],"version-history":[{"count":1,"href":"https:\/\/radiocresatelital.com\/index.php?rest_route=\/wp\/v2\/posts\/13502\/revisions"}],"predecessor-version":[{"id":13504,"href":"https:\/\/radiocresatelital.com\/index.php?rest_route=\/wp\/v2\/posts\/13502\/revisions\/13504"}],"wp:featuredmedia":[{"embeddable":true,"href":"https:\/\/radiocresatelital.com\/index.php?rest_route=\/wp\/v2\/media\/13503"}],"wp:attachment":[{"href":"https:\/\/radiocresatelital.com\/index.php?rest_route=%2Fwp%2Fv2%2Fmedia&parent=13502"}],"wp:term":[{"taxonomy":"category","embeddable":true,"href":"https:\/\/radiocresatelital.com\/index.php?rest_route=%2Fwp%2Fv2%2Fcategories&post=13502"},{"taxonomy":"post_tag","embeddable":true,"href":"https:\/\/radiocresatelital.com\/index.php?rest_route=%2Fwp%2Fv2%2Ftags&post=13502"}],"curies":[{"name":"wp","href":"https:\/\/api.w.org\/{rel}","templated":true}]}}