{"id":13496,"date":"2024-05-02T23:20:21","date_gmt":"2024-05-02T23:20:21","guid":{"rendered":"https:\/\/radiocresatelital.com\/?p=13496"},"modified":"2024-05-02T23:20:21","modified_gmt":"2024-05-02T23:20:21","slug":"el-canton-balsas-acogio-a-la-xxxi-sesion-del-gabinete-provincial-deel-oro-liderado-por-el-gobernador-jimmy-blacio","status":"publish","type":"post","link":"https:\/\/radiocresatelital.com\/?p=13496","title":{"rendered":"El cant\u00f3n Balsas acogi\u00f3 a la XXXI Sesi\u00f3n del Gabinete Provincial deEl Oro liderado por el gobernador Jimmy Blacio"},"content":{"rendered":"<p>Machala.- Conocer su avance y evaluar los planes y proyectos gubernamentales que ejecuta el Gobierno Nacional en territorio fue el objetivo de la XXXI Sesi\u00f3n del Gabinete provincial de El Oro que se reuni\u00f3 este jueves, dos de mayo en el cant\u00f3n Balsas y que estuvo liderada por el Gobernador Jimmy Blacio Ochoa.<\/p>\n<p>\u201cEsta reuni\u00f3n es tan importante, pues junto a las autoridades zonal es y distritales evaluamos el avance de los proyectos que como Gobierno Nacional ejecutamos en la provincia de El Oro, para as\u00ed fortalecer el trabajo donde se deba hacerlo y mejorar lo que haya que mejorar. Adem\u00e1s, traslad\u00e1ndonos a Balsas estamos ratificando que somos una Gobernaci\u00f3n de territorio\u201d, manifest\u00f3 el Gobernador Jimmy Blacio.<\/p>\n<p>En esta nueva sesi\u00f3n del Gabinete se analiz\u00f3 la situaci\u00f3n de la infraestructurade los centros educativos de la provincia y la situaci\u00f3n del personal docente que desde el pr\u00f3ximo lunes inician sus actividades.<\/p>\n<p>Y continuando en el \u00e1mbito de la educaci\u00f3n, el coordinador zonal 7 del Ministerio de Relaciones Exteriores Ra\u00fal Ram\u00edrez solicit\u00f3 una reuni\u00f3n con autoridades del Ministerio de Educaci\u00f3n para buscar soluciones en los inconvenientes que se estar\u00edan presentando con inmigrantes de bachillerato que no podr\u00edan legalizar sus t\u00edtulos.<\/p>\n<p>Dentro de las acciones gubernamentales ejecutadas en la provincia, las autoridades del Ministerio de Salud P\u00fablica informaron sobre el avance de la campa\u00f1a de fumigaci\u00f3n contra el mosquito transmisor del dengue, para lo cual solicitaron el acompa\u00f1amiento de las Fuerzas Armadas en sectores conflictivos de la provincia.<\/p>\n<p>Otro de los temas analizados, es la realizaci\u00f3n de la campa\u00f1a de vacunaci\u00f3n contra la fiebre aftosa, para lo cual desde Agrocalidad se solicit\u00f3 que uniformados de las Fuerzas Armadas acompa\u00f1en a sus funcionarios en zonas catalogadas como conflictivas.<\/p>\n<p>En la sesi\u00f3n, Gabriela Castro, coordinadora Zonal 7 de la Secretar\u00eda de Planificaci\u00f3n socializ\u00f3 y entreg\u00f3 el Plan Nacional de Desarrollo, m\u00e1ximo instrumento de planificaci\u00f3n nacional.<\/p>\n","protected":false},"excerpt":{"rendered":"<p>Machala.- Conocer su avance y evaluar los planes y proyectos gubernamentales que ejecuta el Gobierno Nacional en territorio fue el objetivo de la XXXI Sesi\u00f3n del Gabinete provincial de El Oro que se reuni\u00f3 este jueves, dos de mayo en el cant\u00f3n Balsas y que estuvo liderada por el Gobernador Jimmy Blacio Ochoa. \u201cEsta reuni\u00f3n [&hellip;]<\/p>\n","protected":false},"author":2,"featured_media":13497,"comment_status":"open","ping_status":"closed","sticky":false,"template":"","format":"standard","meta":{"_jetpack_memberships_contains_paid_content":false,"footnotes":""},"categories":[13],"tags":[2218],"class_list":["post-13496","post","type-post","status-publish","format-standard","has-post-thumbnail","hentry","category-noticias-nacionales","tag-xxxi-sesion-del-gabinete-provincial-de-el-oro"],"jetpack_featured_media_url":"https:\/\/radiocresatelital.com\/wp-content\/uploads\/2024\/05\/8579586f-460e-4bc6-9474-8d30caf8d230.jpg","jetpack_sharing_enabled":true,"_links":{"self":[{"href":"https:\/\/radiocresatelital.com\/index.php?rest_route=\/wp\/v2\/posts\/13496","targetHints":{"allow":["GET"]}}],"collection":[{"href":"https:\/\/radiocresatelital.com\/index.php?rest_route=\/wp\/v2\/posts"}],"about":[{"href":"https:\/\/radiocresatelital.com\/index.php?rest_route=\/wp\/v2\/types\/post"}],"author":[{"embeddable":true,"href":"https:\/\/radiocresatelital.com\/index.php?rest_route=\/wp\/v2\/users\/2"}],"replies":[{"embeddable":true,"href":"https:\/\/radiocresatelital.com\/index.php?rest_route=%2Fwp%2Fv2%2Fcomments&post=13496"}],"version-history":[{"count":1,"href":"https:\/\/radiocresatelital.com\/index.php?rest_route=\/wp\/v2\/posts\/13496\/revisions"}],"predecessor-version":[{"id":13498,"href":"https:\/\/radiocresatelital.com\/index.php?rest_route=\/wp\/v2\/posts\/13496\/revisions\/13498"}],"wp:featuredmedia":[{"embeddable":true,"href":"https:\/\/radiocresatelital.com\/index.php?rest_route=\/wp\/v2\/media\/13497"}],"wp:attachment":[{"href":"https:\/\/radiocresatelital.com\/index.php?rest_route=%2Fwp%2Fv2%2Fmedia&parent=13496"}],"wp:term":[{"taxonomy":"category","embeddable":true,"href":"https:\/\/radiocresatelital.com\/index.php?rest_route=%2Fwp%2Fv2%2Fcategories&post=13496"},{"taxonomy":"post_tag","embeddable":true,"href":"https:\/\/radiocresatelital.com\/index.php?rest_route=%2Fwp%2Fv2%2Ftags&post=13496"}],"curies":[{"name":"wp","href":"https:\/\/api.w.org\/{rel}","templated":true}]}}