{"id":13490,"date":"2024-05-02T21:42:32","date_gmt":"2024-05-02T21:42:32","guid":{"rendered":"https:\/\/radiocresatelital.com\/?p=13490"},"modified":"2024-05-02T21:43:11","modified_gmt":"2024-05-02T21:43:11","slug":"13490","status":"publish","type":"post","link":"https:\/\/radiocresatelital.com\/?p=13490","title":{"rendered":"Bayer Leverkusen se adelanta en la semifinal de Europa League"},"content":{"rendered":"<p class=\"qa-introduction gel-pica-bold\" role=\"introduction\" data-reactid=\".27muo0isyyc.0.0.0.1.$paragraph-1\"><span data-reactid=\".27muo0isyyc.0.0.0.1.$paragraph-1.0\">Roma.- El cuadro alem\u00e1n, Bayer Leverkusen ha conquistado una victoria importante de visitante por 2 a 0 en el partido de ida ante la Roma y tom\u00f3 el mando de la semifinal de la Europa League.<\/span><\/p>\n<div data-reactid=\".27muo0isyyc.0.0.0.1.$paragraph-2\">\n<p class=\"\" data-reactid=\".27muo0isyyc.0.0.0.1.$paragraph-2.0\"><span data-reactid=\".27muo0isyyc.0.0.0.1.$paragraph-2.0.0\">Los goles de Florian Wirtz y Robert Andrich dieron al campe\u00f3n de la Bundesliga su segunda victoria con el zaguero ecuatoriano Piero Hincapi\u00e9 como titular en Italia.<\/span><\/p>\n<div class=\"\" data-reactid=\".27muo0isyyc.0.0.0.1.$paragraph-2.1\">\n<div id=\"bbccom_mpu_1_2_3\" class=\"bbccom_slot bbccom_standard_slot mpu_first_slot\" aria-hidden=\"true\" data-reactid=\".27muo0isyyc.0.0.0.1.$paragraph-2.1.$body-0\">\n<div class=\"bbccom_advert\" data-reactid=\".27muo0isyyc.0.0.0.1.$paragraph-2.1.$body-0.0\"><\/div>\n<\/div>\n<\/div>\n<\/div>\n<p class=\"\" data-reactid=\".27muo0isyyc.0.0.0.1.$paragraph-3\"><span data-reactid=\".27muo0isyyc.0.0.0.1.$paragraph-3.0\">La Roma solo tuvo dos tiros a puerta y el delantero Romelu Lukaku cort\u00f3 una figura aislada antes de ser reemplazado despu\u00e9s de 80 minutos.<\/span><\/p>\n<p class=\"\" data-reactid=\".27muo0isyyc.0.0.0.1.$paragraph-4\"><span data-reactid=\".27muo0isyyc.0.0.0.1.$paragraph-4.0\">La suplente Tammy Abraham desperdici\u00f3 una oportunidad de oro para reducir la desventaja en el tiempo de descuento.<\/span><\/p>\n<p class=\"\" data-reactid=\".27muo0isyyc.0.0.0.1.$paragraph-5\"><span data-reactid=\".27muo0isyyc.0.0.0.1.$paragraph-5.0\">Despu\u00e9s de una primera media hora sin calidad, Leverkusen rompi\u00f3 el punto muerto cuando el lateral Alex Grimaldo aprovech\u00f3 un pase hacia atr\u00e1s fuera de lugar antes de preparar al mediocampista Wirtz para su gol n\u00famero 18 de la temporada.<\/span><\/p>\n<p class=\"\" data-reactid=\".27muo0isyyc.0.0.0.1.$paragraph-6\"><span data-reactid=\".27muo0isyyc.0.0.0.1.$paragraph-6.0\">La anfitriona Roma respondi\u00f3 con una serie de oportunidades, pero no pudo encontrar el empate antes del descanso.<\/span><\/p>\n<p class=\"\" data-reactid=\".27muo0isyyc.0.0.0.1.$paragraph-7\"><span data-reactid=\".27muo0isyyc.0.0.0.1.$paragraph-7.0\">El mediocampista Andrich luego duplic\u00f3 la ventaja del Leverkusen a mitad de la segunda mitad, disparando a la esquina superior izquierda desde larga distancia.<\/span><\/p>\n<p class=\"\" data-reactid=\".27muo0isyyc.0.0.0.1.$paragraph-8\"><span data-reactid=\".27muo0isyyc.0.0.0.1.$paragraph-8.0\">La victoria ampli\u00f3 la racha invicta del equipo de Xabi Alonso a 47 partidos en todas las competiciones.<\/span><\/p>\n","protected":false},"excerpt":{"rendered":"<p>Roma.- El cuadro alem\u00e1n, Bayer Leverkusen ha conquistado una victoria importante de visitante por 2 a 0 en el partido de ida ante la Roma y tom\u00f3 el mando de la semifinal de la Europa League. Los goles de Florian Wirtz y Robert Andrich dieron al campe\u00f3n de la Bundesliga su segunda victoria con el [&hellip;]<\/p>\n","protected":false},"author":2,"featured_media":13492,"comment_status":"open","ping_status":"closed","sticky":false,"template":"","format":"standard","meta":{"_jetpack_memberships_contains_paid_content":false,"footnotes":""},"categories":[2216,7],"tags":[983,2217,984],"class_list":["post-13490","post","type-post","status-publish","format-standard","has-post-thumbnail","hentry","category-ecuatorianos-en-el-exterior-2","category-futbol-internacional","tag-bayer-leverkusen","tag-europa-legue","tag-piero-hincapie"],"jetpack_featured_media_url":"https:\/\/radiocresatelital.com\/wp-content\/uploads\/2024\/05\/66AGXJBPU2S3CTUAISU3LLNGJU.avif","jetpack_sharing_enabled":true,"_links":{"self":[{"href":"https:\/\/radiocresatelital.com\/index.php?rest_route=\/wp\/v2\/posts\/13490","targetHints":{"allow":["GET"]}}],"collection":[{"href":"https:\/\/radiocresatelital.com\/index.php?rest_route=\/wp\/v2\/posts"}],"about":[{"href":"https:\/\/radiocresatelital.com\/index.php?rest_route=\/wp\/v2\/types\/post"}],"author":[{"embeddable":true,"href":"https:\/\/radiocresatelital.com\/index.php?rest_route=\/wp\/v2\/users\/2"}],"replies":[{"embeddable":true,"href":"https:\/\/radiocresatelital.com\/index.php?rest_route=%2Fwp%2Fv2%2Fcomments&post=13490"}],"version-history":[{"count":2,"href":"https:\/\/radiocresatelital.com\/index.php?rest_route=\/wp\/v2\/posts\/13490\/revisions"}],"predecessor-version":[{"id":13494,"href":"https:\/\/radiocresatelital.com\/index.php?rest_route=\/wp\/v2\/posts\/13490\/revisions\/13494"}],"wp:featuredmedia":[{"embeddable":true,"href":"https:\/\/radiocresatelital.com\/index.php?rest_route=\/wp\/v2\/media\/13492"}],"wp:attachment":[{"href":"https:\/\/radiocresatelital.com\/index.php?rest_route=%2Fwp%2Fv2%2Fmedia&parent=13490"}],"wp:term":[{"taxonomy":"category","embeddable":true,"href":"https:\/\/radiocresatelital.com\/index.php?rest_route=%2Fwp%2Fv2%2Fcategories&post=13490"},{"taxonomy":"post_tag","embeddable":true,"href":"https:\/\/radiocresatelital.com\/index.php?rest_route=%2Fwp%2Fv2%2Ftags&post=13490"}],"curies":[{"name":"wp","href":"https:\/\/api.w.org\/{rel}","templated":true}]}}