{"id":13481,"date":"2024-05-02T21:24:06","date_gmt":"2024-05-02T21:24:06","guid":{"rendered":"https:\/\/radiocresatelital.com\/?p=13481"},"modified":"2024-05-02T21:24:06","modified_gmt":"2024-05-02T21:24:06","slug":"aunque-se-venga-un-feriado-guayaquil-continuara-activa-vigilante-y-trabajando-por-el-mantenimiento-y-el-orden","status":"publish","type":"post","link":"https:\/\/radiocresatelital.com\/?p=13481","title":{"rendered":"Aunque se venga un feriado, Guayaquil continuar\u00e1 activa, vigilante y trabajando por el mantenimiento y el orden"},"content":{"rendered":"<p>Guayaquil.- Segura EP ha dise\u00f1ado un plan que empezar\u00e1 este mismo jueves 2 de mayo hasta el domingo 5 de mayo, a trav\u00e9s de un equipo de 5.500 personas que estar\u00e1 listo para brindar asistencia en caso de emergencia.<\/p>\n<p>La ATM desplegar\u00e1 1.005 agentes y 380 veh\u00edculos, incluyendo patrullas, motos, motonetas, bicicletas y scooters, para mantener el orden en las principales v\u00edas que conducen a playas y otros destinos tur\u00edsticos.<\/p>\n<p>Se establecer\u00e1n controles vehiculares en las salidas de la ciudad, y se llevar\u00e1n a cabo operativos para detectar conductores bajo la influencia del alcohol. As\u00ed que si bebe, no conduzca, sea coherente.<\/p>\n<p>Con la ayuda de los agentes municipales y el monitoreo 24\/7 de 34 mil c\u00e1maras, Segura EP coordinar\u00e1 la atenci\u00f3n de emergencias de forma inmediata.<\/p>\n<p>Como parte del equipo de contingencia, tambi\u00e9n estar\u00e1n presentes 243 bomberos y 2,700 voluntarios, junto con ambulancias, veh\u00edculos de rescate y camiones de bomberos.<\/p>\n<p>Con estos recursos, estamos listos para precautelar un feriado seguro y tranquilo para todos los habitantes de Guayaquil.<\/p>\n","protected":false},"excerpt":{"rendered":"<p>Guayaquil.- Segura EP ha dise\u00f1ado un plan que empezar\u00e1 este mismo jueves 2 de mayo hasta el domingo 5 de mayo, a trav\u00e9s de un equipo de 5.500 personas que estar\u00e1 listo para brindar asistencia en caso de emergencia. La ATM desplegar\u00e1 1.005 agentes y 380 veh\u00edculos, incluyendo patrullas, motos, motonetas, bicicletas y scooters, para [&hellip;]<\/p>\n","protected":false},"author":2,"featured_media":13482,"comment_status":"open","ping_status":"closed","sticky":false,"template":"","format":"standard","meta":{"_jetpack_memberships_contains_paid_content":false,"footnotes":""},"categories":[33,13],"tags":[785],"class_list":["post-13481","post","type-post","status-publish","format-standard","has-post-thumbnail","hentry","category-guayaquil","category-noticias-nacionales","tag-segura-ep"],"jetpack_featured_media_url":"https:\/\/radiocresatelital.com\/wp-content\/uploads\/2024\/05\/GMmfeiRW8AA_k9W.jpeg","jetpack_sharing_enabled":true,"_links":{"self":[{"href":"https:\/\/radiocresatelital.com\/index.php?rest_route=\/wp\/v2\/posts\/13481","targetHints":{"allow":["GET"]}}],"collection":[{"href":"https:\/\/radiocresatelital.com\/index.php?rest_route=\/wp\/v2\/posts"}],"about":[{"href":"https:\/\/radiocresatelital.com\/index.php?rest_route=\/wp\/v2\/types\/post"}],"author":[{"embeddable":true,"href":"https:\/\/radiocresatelital.com\/index.php?rest_route=\/wp\/v2\/users\/2"}],"replies":[{"embeddable":true,"href":"https:\/\/radiocresatelital.com\/index.php?rest_route=%2Fwp%2Fv2%2Fcomments&post=13481"}],"version-history":[{"count":1,"href":"https:\/\/radiocresatelital.com\/index.php?rest_route=\/wp\/v2\/posts\/13481\/revisions"}],"predecessor-version":[{"id":13483,"href":"https:\/\/radiocresatelital.com\/index.php?rest_route=\/wp\/v2\/posts\/13481\/revisions\/13483"}],"wp:featuredmedia":[{"embeddable":true,"href":"https:\/\/radiocresatelital.com\/index.php?rest_route=\/wp\/v2\/media\/13482"}],"wp:attachment":[{"href":"https:\/\/radiocresatelital.com\/index.php?rest_route=%2Fwp%2Fv2%2Fmedia&parent=13481"}],"wp:term":[{"taxonomy":"category","embeddable":true,"href":"https:\/\/radiocresatelital.com\/index.php?rest_route=%2Fwp%2Fv2%2Fcategories&post=13481"},{"taxonomy":"post_tag","embeddable":true,"href":"https:\/\/radiocresatelital.com\/index.php?rest_route=%2Fwp%2Fv2%2Ftags&post=13481"}],"curies":[{"name":"wp","href":"https:\/\/api.w.org\/{rel}","templated":true}]}}