{"id":13475,"date":"2024-05-02T21:13:54","date_gmt":"2024-05-02T21:13:54","guid":{"rendered":"https:\/\/radiocresatelital.com\/?p=13475"},"modified":"2024-05-02T21:13:54","modified_gmt":"2024-05-02T21:13:54","slug":"camepe-celebra-35-anos-afianzando-el-intercambio-comercial-entre-ecuador-y-peru","status":"publish","type":"post","link":"https:\/\/radiocresatelital.com\/?p=13475","title":{"rendered":"CAMEPE celebra 35 a\u00f1os afianzando el intercambio comercial entre Ecuador y Per\u00fa"},"content":{"rendered":"<p>Quito.- La C\u00e1mara de Comercio e Integraci\u00f3n Ecuatoriano-Peruana (CAMEPE) celebr\u00f3 su 35\u00b0 aniversario con un evento conmemorativo, refirmando su compromiso por integrar, impulsar y fortalecer las relaciones comerciales entre Per\u00fa y Ecuador.<\/p>\n<p>El encuentro cont\u00f3 con las destacadas intervenciones de Gabriela Sommerfeld, ministra de Relaciones Exteriores y Movilidad Humana, quien expuso sobre la Relaci\u00f3n Bilateral Ecuador-Per\u00fa; y, de Dami\u00e1n Larco, director del Servicio de Rentas Internas (SRI), quien profundiz\u00f3 sobre las Reformas Legales Vigentes en materia tributaria.<\/p>\n<p>El Embajador de Per\u00fa en Ecuador, Eduardo Zeballos Valle, tambi\u00e9n se refiri\u00f3 a la importancia de la relaci\u00f3n bilateral entre los dos pa\u00edses y felicit\u00f3 la gesti\u00f3n de la C\u00e1mara mediante la entrega de una placa por su gesti\u00f3n de impulso de los v\u00ednculos de negocios y amistad.<\/p>\n<p>Ecuador y Per\u00fa son pa\u00edses hermanos que gozan de diversidad cultural, gastron\u00f3mica, social y comercial, y su relacionamiento permite el desarrollo \u00f3ptimo, especialmente en materia mercantil. Ecuador exporta al Per\u00fa productos como petr\u00f3leo, tableros de madera, metales, qu\u00edmicos, cuero, caucho, enlatados, papel, cart\u00f3n, entre otros.<\/p>\n<p>El encuentro, que cont\u00f3 con la presencia de autoridades, empresarios y representantes gremiales, fue escenario de un emotivo reconocimiento a las empresas socias m\u00e1s antiguas, destacando su aporte en la consolidaci\u00f3n de la relaci\u00f3n comercial bilateral: Yanbal 35 a\u00f1os, Novopan 30 a\u00f1os, Jaboner\u00eda Wilson 26 a\u00f1os, Banco Pichincha 25 a\u00f1os, Cartopel 24 a\u00f1os, Banco de Loja 24 a\u00f1os, Hidalgo &amp; Hidalgo 22 a\u00f1os, Meythaler y Zambrano Abogados 22 a\u00f1os, Plasticaucho Industrial 18 a\u00f1os, Cooperativa CIFA 14 a\u00f1os, Primax 9 a\u00f1os y Unacem 9 a\u00f1os.<\/p>\n<p>La velada cerr\u00f3 con un c\u00f3ctel de integraci\u00f3n con piso y una presentaci\u00f3n musical en representaci\u00f3n de las dos culturas con cuerda y caj\u00f3n.<\/p>\n","protected":false},"excerpt":{"rendered":"<p>Quito.- La C\u00e1mara de Comercio e Integraci\u00f3n Ecuatoriano-Peruana (CAMEPE) celebr\u00f3 su 35\u00b0 aniversario con un evento conmemorativo, refirmando su compromiso por integrar, impulsar y fortalecer las relaciones comerciales entre Per\u00fa y Ecuador. El encuentro cont\u00f3 con las destacadas intervenciones de Gabriela Sommerfeld, ministra de Relaciones Exteriores y Movilidad Humana, quien expuso sobre la Relaci\u00f3n Bilateral [&hellip;]<\/p>\n","protected":false},"author":2,"featured_media":13476,"comment_status":"open","ping_status":"closed","sticky":false,"template":"","format":"standard","meta":{"_jetpack_memberships_contains_paid_content":false,"footnotes":""},"categories":[13],"tags":[2213],"class_list":["post-13475","post","type-post","status-publish","format-standard","has-post-thumbnail","hentry","category-noticias-nacionales","tag-camepe"],"jetpack_featured_media_url":"https:\/\/radiocresatelital.com\/wp-content\/uploads\/2024\/05\/98bd22b1-1b7a-4482-ab3b-8934d97a9edb.jpeg","jetpack_sharing_enabled":true,"_links":{"self":[{"href":"https:\/\/radiocresatelital.com\/index.php?rest_route=\/wp\/v2\/posts\/13475","targetHints":{"allow":["GET"]}}],"collection":[{"href":"https:\/\/radiocresatelital.com\/index.php?rest_route=\/wp\/v2\/posts"}],"about":[{"href":"https:\/\/radiocresatelital.com\/index.php?rest_route=\/wp\/v2\/types\/post"}],"author":[{"embeddable":true,"href":"https:\/\/radiocresatelital.com\/index.php?rest_route=\/wp\/v2\/users\/2"}],"replies":[{"embeddable":true,"href":"https:\/\/radiocresatelital.com\/index.php?rest_route=%2Fwp%2Fv2%2Fcomments&post=13475"}],"version-history":[{"count":1,"href":"https:\/\/radiocresatelital.com\/index.php?rest_route=\/wp\/v2\/posts\/13475\/revisions"}],"predecessor-version":[{"id":13477,"href":"https:\/\/radiocresatelital.com\/index.php?rest_route=\/wp\/v2\/posts\/13475\/revisions\/13477"}],"wp:featuredmedia":[{"embeddable":true,"href":"https:\/\/radiocresatelital.com\/index.php?rest_route=\/wp\/v2\/media\/13476"}],"wp:attachment":[{"href":"https:\/\/radiocresatelital.com\/index.php?rest_route=%2Fwp%2Fv2%2Fmedia&parent=13475"}],"wp:term":[{"taxonomy":"category","embeddable":true,"href":"https:\/\/radiocresatelital.com\/index.php?rest_route=%2Fwp%2Fv2%2Fcategories&post=13475"},{"taxonomy":"post_tag","embeddable":true,"href":"https:\/\/radiocresatelital.com\/index.php?rest_route=%2Fwp%2Fv2%2Ftags&post=13475"}],"curies":[{"name":"wp","href":"https:\/\/api.w.org\/{rel}","templated":true}]}}