{"id":13469,"date":"2024-05-02T20:58:39","date_gmt":"2024-05-02T20:58:39","guid":{"rendered":"https:\/\/radiocresatelital.com\/?p=13469"},"modified":"2024-05-02T20:58:39","modified_gmt":"2024-05-02T20:58:39","slug":"plan-de-contingencia-para-feriado-del-1-de-mayo-seguridad-y-orden-para-los-guayasenses","status":"publish","type":"post","link":"https:\/\/radiocresatelital.com\/?p=13469","title":{"rendered":"Plan de contingencia para feriado del 1 de Mayo: Seguridad y orden para los Guayasenses"},"content":{"rendered":"<p>Guayaquil.- El Gobernador de Guayas, Vicente Auad, lider\u00f3 una mesa de trabajo para desarrollar un plan de contingencia para el feriado del 1 de mayo, que se traslada al viernes 3. El objetivo es garantizar la seguridad de los guayasenses que decidan quedarse o salir de la provincia. Las acciones de control se focalizar\u00e1n en las principales v\u00edas de la provincia, v\u00eda la Costa, La Cadena y la<br \/>\nv\u00eda al Azuay<\/p>\n<p>El plan ha sido elaborado en colaboraci\u00f3n con la Polic\u00eda Nacional, la Comisi\u00f3n de Tr\u00e1nsito del Ecuador y las Fuerzas Armadas. La articulaci\u00f3n interinstitucional es crucial para su \u00e9xito.<\/p>\n<p>La Polic\u00eda Nacional contar\u00e1 con el trabajo de sus ejes preventivo, investigativo y de inteligencia. Se han dispuesto 8.245 uniformados en la Zona 8, cuyo trabajo se concentrar\u00e1 en el control de motocicletas, tricimotos, veh\u00edculos sin placas y<br \/>\npolarizados. El General V\u00edctor Herrera, comandante de Polic\u00eda, destac\u00f3 que dichas acciones est\u00e1n dando resultados positivos, al palpar una reducci\u00f3n de delitos de mayor incidencia.<\/p>\n<p>El General Herrera tambi\u00e9n destac\u00f3 el estado de excepci\u00f3n recientemente decretado por el presidente Daniel Noboa Azin, que facilitar\u00e1 el trabajo de las fuerzas del orden. La Polic\u00eda de la subzona 5 en coordinaci\u00f3n con las Fuerzas Armadas y Comisi\u00f3n de Tr\u00e1nsito del Ecuador en la prevenci\u00f3n de hechos delictivos.<\/p>\n<p>Las Fuerzas Armadas reforzar\u00e1n los operativos camex, centr\u00e1ndose en el control de armas, explosivos y municiones. Adem\u00e1s, se intensificar\u00e1 la vigilancia en los centros penitenciarios, seg\u00fan indic\u00f3 Comandante de Operaciones Enrique Aristizabal<\/p>\n<p>Por su parte, la Comisi\u00f3n de Tr\u00e1nsito del Ecuador activar\u00e1 a 1400 agentes de tr\u00e1nsito para los respectivos controles. Su operatividad se concentrar\u00e1 en los veh\u00edculos que circulan sin placas y con pel\u00edculas antisolares.<\/p>\n<p>El comandante de la CTE, Rafael Orozco, fue enf\u00e1tico en manifestar que ser\u00e1n sacados de circulaci\u00f3n, y deber\u00e1n cancelar una multa que constituye el 30% del Salario B\u00e1sico Unificado en el caso de los veh\u00edculos sin placas, conforme lo establece la ley. Mientras tanto los veh\u00edculos con paneles antisolares, les ser\u00e1 retirados y deber\u00e1n cancelar el 10 %.<\/p>\n<p>Como ya es habitual, las fuerzas del orden concentrar\u00e1n su accionar en los ejes viales, carreteras, terminales a\u00e9reas y terrestres, centros comerciales, domicilios, playas, balnearios, y sitios de concentraci\u00f3n masiva.<\/p>\n<p>Adem\u00e1s, la CTE intensificar\u00e1 sus campa\u00f1as de concientizaci\u00f3n ciudadana en los 12 peajes de la provincia del Guayas sobre el uso adecuado del cintur\u00f3n de seguridad y respeto a las se\u00f1ales de tr\u00e1nsito.<\/p>\n<p>Por su parte, la autoridad provincial, Vicente Auad, hizo un llamado a la ciudadan\u00eda a colaborar con las fuerzas del orden. \u201cEstamos listos para actuar ante cualquier emergencia. Precautelar a la poblaci\u00f3n es nuestro objetivo\u201d puntualiz\u00f3.<\/p>\n<p>Este plan de contingencia es un esfuerzo conjunto para garantizar la seguridad y el orden durante el pr\u00f3ximo feriado, y disfrutar de un feriado seguro y tranquilo.<\/p>\n","protected":false},"excerpt":{"rendered":"<p>Guayaquil.- El Gobernador de Guayas, Vicente Auad, lider\u00f3 una mesa de trabajo para desarrollar un plan de contingencia para el feriado del 1 de mayo, que se traslada al viernes 3. El objetivo es garantizar la seguridad de los guayasenses que decidan quedarse o salir de la provincia. Las acciones de control se focalizar\u00e1n en [&hellip;]<\/p>\n","protected":false},"author":2,"featured_media":13470,"comment_status":"open","ping_status":"closed","sticky":false,"template":"","format":"standard","meta":{"_jetpack_memberships_contains_paid_content":false,"footnotes":""},"categories":[13],"tags":[2211,2212],"class_list":["post-13469","post","type-post","status-publish","format-standard","has-post-thumbnail","hentry","category-noticias-nacionales","tag-gobernador-de-guayas","tag-vicente-auad"],"jetpack_featured_media_url":"https:\/\/radiocresatelital.com\/wp-content\/uploads\/2024\/05\/fb827c64-3fb9-4008-81e3-aa8fdefae28b.jpeg","jetpack_sharing_enabled":true,"_links":{"self":[{"href":"https:\/\/radiocresatelital.com\/index.php?rest_route=\/wp\/v2\/posts\/13469","targetHints":{"allow":["GET"]}}],"collection":[{"href":"https:\/\/radiocresatelital.com\/index.php?rest_route=\/wp\/v2\/posts"}],"about":[{"href":"https:\/\/radiocresatelital.com\/index.php?rest_route=\/wp\/v2\/types\/post"}],"author":[{"embeddable":true,"href":"https:\/\/radiocresatelital.com\/index.php?rest_route=\/wp\/v2\/users\/2"}],"replies":[{"embeddable":true,"href":"https:\/\/radiocresatelital.com\/index.php?rest_route=%2Fwp%2Fv2%2Fcomments&post=13469"}],"version-history":[{"count":1,"href":"https:\/\/radiocresatelital.com\/index.php?rest_route=\/wp\/v2\/posts\/13469\/revisions"}],"predecessor-version":[{"id":13471,"href":"https:\/\/radiocresatelital.com\/index.php?rest_route=\/wp\/v2\/posts\/13469\/revisions\/13471"}],"wp:featuredmedia":[{"embeddable":true,"href":"https:\/\/radiocresatelital.com\/index.php?rest_route=\/wp\/v2\/media\/13470"}],"wp:attachment":[{"href":"https:\/\/radiocresatelital.com\/index.php?rest_route=%2Fwp%2Fv2%2Fmedia&parent=13469"}],"wp:term":[{"taxonomy":"category","embeddable":true,"href":"https:\/\/radiocresatelital.com\/index.php?rest_route=%2Fwp%2Fv2%2Fcategories&post=13469"},{"taxonomy":"post_tag","embeddable":true,"href":"https:\/\/radiocresatelital.com\/index.php?rest_route=%2Fwp%2Fv2%2Ftags&post=13469"}],"curies":[{"name":"wp","href":"https:\/\/api.w.org\/{rel}","templated":true}]}}