{"id":13466,"date":"2024-05-02T20:55:07","date_gmt":"2024-05-02T20:55:07","guid":{"rendered":"https:\/\/radiocresatelital.com\/?p=13466"},"modified":"2024-05-02T20:55:07","modified_gmt":"2024-05-02T20:55:07","slug":"autoridades-de-la-provincia-garantizan-un-retorno-seguro-a-clases","status":"publish","type":"post","link":"https:\/\/radiocresatelital.com\/?p=13466","title":{"rendered":"Autoridades de la provincia garantizan un retorno seguro a clases"},"content":{"rendered":"<p>Guayaquil.- Con el objetivo de garantizar un retorno seguro a clases, el gobernador del Guayas, Vicente Auad, lider\u00f3 una mesa de seguridad junto a la Polic\u00eda Nacional de la zona 8 y subzona 5, Comisi\u00f3n de Tr\u00e1nsito del Ecuador, Fuerzas Armadas y la subsecretaria de Educaci\u00f3n, previo a lo que ser\u00e1 el inicio del nuevo per\u00edodo escolar 2024-2025, cuyo ingreso a las aulas ser\u00e1 paulatino a partir del 6 de mayo pr\u00f3ximo.<\/p>\n<p><strong>Acciones Coordinadas: <\/strong>Presencia Policial: El comandante de Polic\u00eda de la Zona 8, General V\u00edctor Herrera, destac\u00f3 la importancia de reducir los riesgos para todos los estudiantes.<\/p>\n<p>Se ha considerado el portafolio de servicios de la Polic\u00eda Nacional, incluyendo el programa \u201cEscuela Segura\u201d. Personal policial a pie y motorizado se ubicar\u00e1 en las entradas y salidas de aquellos centros de estudio de mayor conflictividad, cada escuela para garantizar la seguridad.<\/p>\n<p><strong>Prevenci\u00f3n en los cantones:<\/strong> En la subzona 5, la Polic\u00eda ha desplegado personal a pie y en motocicleta en todos los cantones de la provincia. Los planes operativos correspondientes asegurar\u00e1n un retorno a clases sin contratiempos, brindando tranquilidad a estudiantes y padres de familia.<\/p>\n<p><strong>Control de Tr\u00e1nsito:<\/strong> La Comisi\u00f3n de Tr\u00e1nsito del Ecuador (CTE), bajo el mando del comandante Rafael Orozco, garantiza la presencia de agentes en las unidades educativas de los 25 cantones. La entrada y salida de estudiantes ser\u00e1 atendida de manera progresiva, coordinada y planificada. Recursos adecuados se destinar\u00e1n para mantener la movilidad y la seguridad de los alumnos.<\/p>\n<p>Ministerio de Educaci\u00f3n: La Subsecretaria Daniela Febres Cordero afirm\u00f3 que el Ministerio de Educaci\u00f3n est\u00e1 listo para el retorno progresivo de clases. Del 6 al 8 de mayo, en coordinaci\u00f3n con la Polic\u00eda Nacional, la Gobernaci\u00f3n del Guayas y otras instituciones de seguridad, recibir\u00e1n a todos los estudiantes en este nuevo per\u00edodo lectivo.<\/p>\n<p>Por su pare el representante del Ejecutivo, Vicente Auad expres\u00f3: \u201cEstamos preparados para recibir a nuestros estudiantes con seguridad y responsabilidad. Juntos, garantizaremos un ambiente propicio para el aprendizaje y el desarrollo de nuestros j\u00f3venes\u201d.<\/p>\n","protected":false},"excerpt":{"rendered":"<p>Guayaquil.- Con el objetivo de garantizar un retorno seguro a clases, el gobernador del Guayas, Vicente Auad, lider\u00f3 una mesa de seguridad junto a la Polic\u00eda Nacional de la zona 8 y subzona 5, Comisi\u00f3n de Tr\u00e1nsito del Ecuador, Fuerzas Armadas y la subsecretaria de Educaci\u00f3n, previo a lo que ser\u00e1 el inicio del nuevo [&hellip;]<\/p>\n","protected":false},"author":2,"featured_media":13467,"comment_status":"open","ping_status":"closed","sticky":false,"template":"","format":"standard","meta":{"_jetpack_memberships_contains_paid_content":false,"footnotes":""},"categories":[13],"tags":[2210],"class_list":["post-13466","post","type-post","status-publish","format-standard","has-post-thumbnail","hentry","category-noticias-nacionales","tag-autoridades-de-guayas"],"jetpack_featured_media_url":"https:\/\/radiocresatelital.com\/wp-content\/uploads\/2024\/05\/10afffbc-3bb5-4676-a0cc-b0875c0c3bff.jpeg","jetpack_sharing_enabled":true,"_links":{"self":[{"href":"https:\/\/radiocresatelital.com\/index.php?rest_route=\/wp\/v2\/posts\/13466","targetHints":{"allow":["GET"]}}],"collection":[{"href":"https:\/\/radiocresatelital.com\/index.php?rest_route=\/wp\/v2\/posts"}],"about":[{"href":"https:\/\/radiocresatelital.com\/index.php?rest_route=\/wp\/v2\/types\/post"}],"author":[{"embeddable":true,"href":"https:\/\/radiocresatelital.com\/index.php?rest_route=\/wp\/v2\/users\/2"}],"replies":[{"embeddable":true,"href":"https:\/\/radiocresatelital.com\/index.php?rest_route=%2Fwp%2Fv2%2Fcomments&post=13466"}],"version-history":[{"count":1,"href":"https:\/\/radiocresatelital.com\/index.php?rest_route=\/wp\/v2\/posts\/13466\/revisions"}],"predecessor-version":[{"id":13468,"href":"https:\/\/radiocresatelital.com\/index.php?rest_route=\/wp\/v2\/posts\/13466\/revisions\/13468"}],"wp:featuredmedia":[{"embeddable":true,"href":"https:\/\/radiocresatelital.com\/index.php?rest_route=\/wp\/v2\/media\/13467"}],"wp:attachment":[{"href":"https:\/\/radiocresatelital.com\/index.php?rest_route=%2Fwp%2Fv2%2Fmedia&parent=13466"}],"wp:term":[{"taxonomy":"category","embeddable":true,"href":"https:\/\/radiocresatelital.com\/index.php?rest_route=%2Fwp%2Fv2%2Fcategories&post=13466"},{"taxonomy":"post_tag","embeddable":true,"href":"https:\/\/radiocresatelital.com\/index.php?rest_route=%2Fwp%2Fv2%2Ftags&post=13466"}],"curies":[{"name":"wp","href":"https:\/\/api.w.org\/{rel}","templated":true}]}}