{"id":13463,"date":"2024-05-02T20:51:08","date_gmt":"2024-05-02T20:51:08","guid":{"rendered":"https:\/\/radiocresatelital.com\/?p=13463"},"modified":"2024-05-02T20:51:08","modified_gmt":"2024-05-02T20:51:08","slug":"gobierno-vigilara-tramite-en-asamblea-de-proyectos-de-ley-sobre-temas-aprobados-en-la-consulta-popular","status":"publish","type":"post","link":"https:\/\/radiocresatelital.com\/?p=13463","title":{"rendered":"Gobierno vigilar\u00e1 tr\u00e1mite en Asamblea de proyectos de ley sobre temas aprobados en la Consulta Popular"},"content":{"rendered":"<p>Quito.-\u00a0El viceministro de Gobierno, Esteban Torres, dijo hoy que desde el Ejecutivo se mantendr\u00e1n vigilantes del tr\u00e1mite que dar\u00e1 la Asamblea Nacional a los seis proyectos de ley que enviar\u00e1 el presidente Daniel Noboa sobre los temas aprobados en la consulta popular del pasado 21 de abril.<\/p>\n<p>\u201cEstaremos vigilantes para que en la Asamblea se respete lo que aprobaron la mayor\u00eda de ecuatorianos\u201d, advirti\u00f3 el viceministro de Gobierno, Esteban Torres, entrevistado en la cadena radial Platinum.<\/p>\n<p>El funcionario explic\u00f3 que de las nueve preguntas que recibieron el respaldo de la mayor\u00eda de ecuatorianos, tres que corresponden a enmienda constitucional y reforma parcial a la Constituci\u00f3n entrar\u00e1n en rigor autom\u00e1ticamente, tras la proclamaci\u00f3n oficial de los resultados de la Consulta por parte del Consejo Nacional Electoral (CNE).<\/p>\n<p>En tanto que las otras seis propuestas se convertir\u00e1n en proyectos de Ley que deber\u00e1n pasar por la aprobaci\u00f3n de la Asamblea. Estas son:<\/p>\n<ul>\n<li>Que los militares realicen controles permanentes de armas en las v\u00edas de acceso a las c\u00e1rceles.<\/li>\n<li>El incremento de penas para una decena de delitos.<\/li>\n<li>Los sentenciados por una docena de delitos completen toda su pena en prisi\u00f3n.<\/li>\n<li>Tipificar como delito la tenencia de armas de uso militar y policial.<\/li>\n<li>Las Fuerzas Armadas y la Polic\u00eda Nacional puedan usar las armas confiscadas a los delincuentes.<\/li>\n<li>Los bienes de origen il\u00edcito sean traspasados r\u00e1pidamente al Estado.<\/li>\n<\/ul>\n<p>Luego de la proclamaci\u00f3n de los resultados, el presidente de la Rep\u00fablica tendr\u00e1 cinco d\u00edas para remitir los proyectos a la Asamblea, la cual deber\u00e1 tramitarlos en un plazo m\u00e1ximo de 60 d\u00edas, conforme establecen los anexos de la consulta.<\/p>\n<p>Este proceso tendr\u00e1 que desarrollarse de acuerdo con los l\u00edmites fijados en el dictamen que emiti\u00f3 en su momento la Corte Constitucional, en donde se determina qu\u00e9 es lo que puede hacer el presidente de la Rep\u00fablica y qu\u00e9 es lo que puede hacer la Asamblea Nacional.<\/p>\n<p>En este sentido, el viceministro Torres indic\u00f3 que la libertad de configuraci\u00f3n legislativa permitir\u00e1 modular los proyectos de Ley que env\u00ede el Ejecutivo, aunque sin violentar la voluntad popular y sin contrariar la delimitaci\u00f3n hecha por la Corte Constitucional.<\/p>\n<p>Para que los cambios planteados lleguen a buen puerto, el Gobierno se apresta a conversar con todos los sectores parlamentarios, como sucede desde el primer d\u00eda en que se instal\u00f3 la actual administraci\u00f3n.<\/p>\n<p>Esta actitud de apertura, destac\u00f3 Torres, le permiti\u00f3 al Gobierno Nacional alcanzar el objetivo de aprobar las primeras cinco leyes econ\u00f3micas que se plantearon en el primer tramo del Gobierno.<\/p>\n<p>\u201cDialogaremos con quienes quieran dialogar; para nosotros no ha cambiado en absoluto la forma de manejar la relaci\u00f3n con la Asamblea\u201d, finaliz\u00f3 el viceministro.<\/p>\n","protected":false},"excerpt":{"rendered":"<p>Quito.-\u00a0El viceministro de Gobierno, Esteban Torres, dijo hoy que desde el Ejecutivo se mantendr\u00e1n vigilantes del tr\u00e1mite que dar\u00e1 la Asamblea Nacional a los seis proyectos de ley que enviar\u00e1 el presidente Daniel Noboa sobre los temas aprobados en la consulta popular del pasado 21 de abril. \u201cEstaremos vigilantes para que en la Asamblea se [&hellip;]<\/p>\n","protected":false},"author":2,"featured_media":13464,"comment_status":"open","ping_status":"closed","sticky":false,"template":"","format":"standard","meta":{"_jetpack_memberships_contains_paid_content":false,"footnotes":""},"categories":[13],"tags":[1714,1715],"class_list":["post-13463","post","type-post","status-publish","format-standard","has-post-thumbnail","hentry","category-noticias-nacionales","tag-esteban-torres","tag-viceministro-de-gobierno"],"jetpack_featured_media_url":"https:\/\/radiocresatelital.com\/wp-content\/uploads\/2024\/05\/photo1714658421.jpeg","jetpack_sharing_enabled":true,"_links":{"self":[{"href":"https:\/\/radiocresatelital.com\/index.php?rest_route=\/wp\/v2\/posts\/13463","targetHints":{"allow":["GET"]}}],"collection":[{"href":"https:\/\/radiocresatelital.com\/index.php?rest_route=\/wp\/v2\/posts"}],"about":[{"href":"https:\/\/radiocresatelital.com\/index.php?rest_route=\/wp\/v2\/types\/post"}],"author":[{"embeddable":true,"href":"https:\/\/radiocresatelital.com\/index.php?rest_route=\/wp\/v2\/users\/2"}],"replies":[{"embeddable":true,"href":"https:\/\/radiocresatelital.com\/index.php?rest_route=%2Fwp%2Fv2%2Fcomments&post=13463"}],"version-history":[{"count":1,"href":"https:\/\/radiocresatelital.com\/index.php?rest_route=\/wp\/v2\/posts\/13463\/revisions"}],"predecessor-version":[{"id":13465,"href":"https:\/\/radiocresatelital.com\/index.php?rest_route=\/wp\/v2\/posts\/13463\/revisions\/13465"}],"wp:featuredmedia":[{"embeddable":true,"href":"https:\/\/radiocresatelital.com\/index.php?rest_route=\/wp\/v2\/media\/13464"}],"wp:attachment":[{"href":"https:\/\/radiocresatelital.com\/index.php?rest_route=%2Fwp%2Fv2%2Fmedia&parent=13463"}],"wp:term":[{"taxonomy":"category","embeddable":true,"href":"https:\/\/radiocresatelital.com\/index.php?rest_route=%2Fwp%2Fv2%2Fcategories&post=13463"},{"taxonomy":"post_tag","embeddable":true,"href":"https:\/\/radiocresatelital.com\/index.php?rest_route=%2Fwp%2Fv2%2Ftags&post=13463"}],"curies":[{"name":"wp","href":"https:\/\/api.w.org\/{rel}","templated":true}]}}