{"id":13450,"date":"2024-05-01T23:57:18","date_gmt":"2024-05-01T23:57:18","guid":{"rendered":"https:\/\/radiocresatelital.com\/?p=13450"},"modified":"2024-05-01T23:57:33","modified_gmt":"2024-05-01T23:57:33","slug":"atm-refuerza-senaletica-en-zonas-escolares-como-parte-de-un-plan-integral-para-la-seguridad-vial-estudiantil","status":"publish","type":"post","link":"https:\/\/radiocresatelital.com\/?p=13450","title":{"rendered":"ATM refuerza se\u00f1al\u00e9tica en zonas escolares como parte de un plan integral para la seguridad vial estudiantil"},"content":{"rendered":"<p>Guayaquil.- La Agencia de Tr\u00e1nsito y Movilidad (ATM) inici\u00f3 la primera fase de reforzamiento de la se\u00f1al\u00e9tica en las zonas circundantes a instituciones educativas de la ciudad.<\/p>\n<p>Jos\u00e9 Franco, gerente de ATM, resalt\u00f3 que la instalaci\u00f3n de los dispositivos viales verticales y horizontal en la calzada significa que \u201cestamos cuidando la integridad de los j\u00f3venes y ni\u00f1os, as\u00ed se repara el tejido social\u201d.<\/p>\n<p>La campa\u00f1a incluye la colocaci\u00f3n de estos elementos de regulaci\u00f3n del tr\u00e1nsito vehicular y para brindar seguridad en el cruce peatonal, con el objetivo de prevenir siniestros y mejorar la movilidad en las v\u00edas.<\/p>\n<p>Uno de los primeros establecimientos educativos que recibi\u00f3 este soporte vial fue el colegio Aguirre Abad. En la Av. Sufragio Libre, aleda\u00f1a a la instituci\u00f3n, se marc\u00f3 el paso cebra y se colocaron se\u00f1ales de precauci\u00f3n, zona escolar y el l\u00edmite de velocidad de 30 km\/h.<\/p>\n<p>De su lado, Mauricio Ayala, rector de la emblem\u00e1tica instituci\u00f3n, agradeci\u00f3 la intervenci\u00f3n de ATM y la Alcald\u00eda de Guayaquil, que coincide con el pr\u00f3ximo inicio del periodo escolar, \u201cnecesit\u00e1bamos ese apoyo para inculcar a nuestros estudiantes sobre educaci\u00f3n vial, con este ejemplo vamos a trabajar en el a\u00f1o lectivo\u201d.<\/p>\n<p>Entre las unidades educativas donde tambi\u00e9n se iniciaron estos trabajos de se\u00f1alizaci\u00f3n est\u00e1n el Colegio Nacional Guayaquil, la escuela Jorge Enrique Adoum y el Centro Polifuncional Zumar donde tambi\u00e9n hay actividades estudiantiles.<\/p>\n<p>El titular de ATM destac\u00f3 adem\u00e1s que los expresos escolares se han sometido a la Revisi\u00f3n T\u00e9cnica Vehicular y sus conductores han sido capacitados, todo como parte de una campa\u00f1a integral de la instituci\u00f3n para un regreso a clases seguro.<\/p>\n","protected":false},"excerpt":{"rendered":"<p>Guayaquil.- La Agencia de Tr\u00e1nsito y Movilidad (ATM) inici\u00f3 la primera fase de reforzamiento de la se\u00f1al\u00e9tica en las zonas circundantes a instituciones educativas de la ciudad. Jos\u00e9 Franco, gerente de ATM, resalt\u00f3 que la instalaci\u00f3n de los dispositivos viales verticales y horizontal en la calzada significa que \u201cestamos cuidando la integridad de los j\u00f3venes [&hellip;]<\/p>\n","protected":false},"author":2,"featured_media":13451,"comment_status":"open","ping_status":"closed","sticky":false,"template":"","format":"standard","meta":{"_jetpack_memberships_contains_paid_content":false,"footnotes":""},"categories":[13],"tags":[1721],"class_list":["post-13450","post","type-post","status-publish","format-standard","has-post-thumbnail","hentry","category-noticias-nacionales","tag-agencia-de-transito-y-movilidad"],"jetpack_featured_media_url":"https:\/\/radiocresatelital.com\/wp-content\/uploads\/2024\/05\/logo-atm.png","jetpack_sharing_enabled":true,"_links":{"self":[{"href":"https:\/\/radiocresatelital.com\/index.php?rest_route=\/wp\/v2\/posts\/13450","targetHints":{"allow":["GET"]}}],"collection":[{"href":"https:\/\/radiocresatelital.com\/index.php?rest_route=\/wp\/v2\/posts"}],"about":[{"href":"https:\/\/radiocresatelital.com\/index.php?rest_route=\/wp\/v2\/types\/post"}],"author":[{"embeddable":true,"href":"https:\/\/radiocresatelital.com\/index.php?rest_route=\/wp\/v2\/users\/2"}],"replies":[{"embeddable":true,"href":"https:\/\/radiocresatelital.com\/index.php?rest_route=%2Fwp%2Fv2%2Fcomments&post=13450"}],"version-history":[{"count":1,"href":"https:\/\/radiocresatelital.com\/index.php?rest_route=\/wp\/v2\/posts\/13450\/revisions"}],"predecessor-version":[{"id":13452,"href":"https:\/\/radiocresatelital.com\/index.php?rest_route=\/wp\/v2\/posts\/13450\/revisions\/13452"}],"wp:featuredmedia":[{"embeddable":true,"href":"https:\/\/radiocresatelital.com\/index.php?rest_route=\/wp\/v2\/media\/13451"}],"wp:attachment":[{"href":"https:\/\/radiocresatelital.com\/index.php?rest_route=%2Fwp%2Fv2%2Fmedia&parent=13450"}],"wp:term":[{"taxonomy":"category","embeddable":true,"href":"https:\/\/radiocresatelital.com\/index.php?rest_route=%2Fwp%2Fv2%2Fcategories&post=13450"},{"taxonomy":"post_tag","embeddable":true,"href":"https:\/\/radiocresatelital.com\/index.php?rest_route=%2Fwp%2Fv2%2Ftags&post=13450"}],"curies":[{"name":"wp","href":"https:\/\/api.w.org\/{rel}","templated":true}]}}