{"id":1345,"date":"2023-07-18T20:39:50","date_gmt":"2023-07-18T20:39:50","guid":{"rendered":"https:\/\/radiocresatelital.com\/?p=1345"},"modified":"2023-07-18T20:39:50","modified_gmt":"2023-07-18T20:39:50","slug":"maria-emilia-quintana-doble-medallista-en-jj-ss-de-playa-2023","status":"publish","type":"post","link":"https:\/\/radiocresatelital.com\/?p=1345","title":{"rendered":"Mar\u00eda Emilia Quintana doble medallista en JJ. SS. de Playa 2023"},"content":{"rendered":"<p>Santa Marta.- Mar\u00eda Emilia Quintana se convirti\u00f3 en una de las figuras de los V Juegos Suramericanos de Playa Santa Marta 2023 (Colombia) tras ganar dos medallas (una de oro y una de bronce) en la disciplina de beach tennis.<\/p>\n<p>Este martes, la juvenil ecuatoriana, ubicada en el puesto 235 del ranking ITF, gan\u00f3 la final de singles por 6-2, 3-6, (10-7) a la chilena Francisca Z\u00fa\u00f1iga.<\/p>\n<p>Para llegar a la final, Quintana venci\u00f3 en primera ronda a la boliviana Sofia Sciaroni por 6-1, 6-0. En segunda ronda derrot\u00f3 a la brasile\u00f1a Julia Florio Cyrino, sembrada 2 del torneo, por marcador de 6-4, 6-3. En cuartos de final gan\u00f3 por un doble 6-1 a la paraguaya Maria Galanti; y, en semifinales a la venezolana Andrea Colavita por 6-0, 6-2.<\/p>\n<p>Antes, Mar\u00eda Emilia Quintana junto a Andr\u00e9s Cabezas ganaron la medalla de bronce en dobles mixtos. En el partido por el tercer lugar vencieron a los chilenos Cecilia Costa Melgar y Vicente Brusadelli Toro por 6-2, 6-1.<\/p>\n","protected":false},"excerpt":{"rendered":"<p>Santa Marta.- Mar\u00eda Emilia Quintana se convirti\u00f3 en una de las figuras de los V Juegos Suramericanos de Playa Santa Marta 2023 (Colombia) tras ganar dos medallas (una de oro y una de bronce) en la disciplina de beach tennis. Este martes, la juvenil ecuatoriana, ubicada en el puesto 235 del ranking ITF, gan\u00f3 la [&hellip;]<\/p>\n","protected":false},"author":2,"featured_media":1346,"comment_status":"open","ping_status":"closed","sticky":false,"template":"","format":"standard","meta":{"_jetpack_memberships_contains_paid_content":false,"footnotes":""},"categories":[9,64],"tags":[104],"class_list":["post-1345","post","type-post","status-publish","format-standard","has-post-thumbnail","hentry","category-deportes","category-tenis","tag-juegos-suramericanos-de-playa"],"jetpack_featured_media_url":"https:\/\/radiocresatelital.com\/wp-content\/uploads\/2023\/07\/35961b62-12ff-4be8-9ed4-d64ee39ccfb6.jpg","jetpack_sharing_enabled":true,"_links":{"self":[{"href":"https:\/\/radiocresatelital.com\/index.php?rest_route=\/wp\/v2\/posts\/1345","targetHints":{"allow":["GET"]}}],"collection":[{"href":"https:\/\/radiocresatelital.com\/index.php?rest_route=\/wp\/v2\/posts"}],"about":[{"href":"https:\/\/radiocresatelital.com\/index.php?rest_route=\/wp\/v2\/types\/post"}],"author":[{"embeddable":true,"href":"https:\/\/radiocresatelital.com\/index.php?rest_route=\/wp\/v2\/users\/2"}],"replies":[{"embeddable":true,"href":"https:\/\/radiocresatelital.com\/index.php?rest_route=%2Fwp%2Fv2%2Fcomments&post=1345"}],"version-history":[{"count":1,"href":"https:\/\/radiocresatelital.com\/index.php?rest_route=\/wp\/v2\/posts\/1345\/revisions"}],"predecessor-version":[{"id":1347,"href":"https:\/\/radiocresatelital.com\/index.php?rest_route=\/wp\/v2\/posts\/1345\/revisions\/1347"}],"wp:featuredmedia":[{"embeddable":true,"href":"https:\/\/radiocresatelital.com\/index.php?rest_route=\/wp\/v2\/media\/1346"}],"wp:attachment":[{"href":"https:\/\/radiocresatelital.com\/index.php?rest_route=%2Fwp%2Fv2%2Fmedia&parent=1345"}],"wp:term":[{"taxonomy":"category","embeddable":true,"href":"https:\/\/radiocresatelital.com\/index.php?rest_route=%2Fwp%2Fv2%2Fcategories&post=1345"},{"taxonomy":"post_tag","embeddable":true,"href":"https:\/\/radiocresatelital.com\/index.php?rest_route=%2Fwp%2Fv2%2Ftags&post=1345"}],"curies":[{"name":"wp","href":"https:\/\/api.w.org\/{rel}","templated":true}]}}