{"id":13447,"date":"2024-05-01T23:53:46","date_gmt":"2024-05-01T23:53:46","guid":{"rendered":"https:\/\/radiocresatelital.com\/?p=13447"},"modified":"2024-05-01T23:53:46","modified_gmt":"2024-05-01T23:53:46","slug":"personal-del-msp-garantiza-atencion-en-salud-a-madres-y-ninos-de-comunidades-de-dificil-acceso-en-la-provincia-del-carchi","status":"publish","type":"post","link":"https:\/\/radiocresatelital.com\/?p=13447","title":{"rendered":"Personal del MSP garantiza atenci\u00f3n en salud a madres y ni\u00f1os de comunidades de dif\u00edcil acceso en la provincia del Carchi"},"content":{"rendered":"<p>Tulc\u00e1n.- Personal del Ministerio de Salud P\u00fablica (MSP) a trav\u00e9s de la Direcci\u00f3n Distrital 04D01 Tulc\u00e1n \u2013 San Pedro de Huaca, con el acompa\u00f1amiento del Proyecto Ecuador Libre de Desnutrici\u00f3n Infantil (PELDI) realizaron una visita t\u00e9cnica en la comunidad de San Marcos, provincia del Carchi.<\/p>\n<p>El objetivo fue conocer la realidad territorial y verificar el cumplimiento del \u201cpaquete priorizado\u201d, un conjunto de prestaciones y servicios de salud dirigidos a gestantes, ni\u00f1as y ni\u00f1os menores de 2 a\u00f1os de edad de la comunidad para prevenir la Desnutrici\u00f3n Cr\u00f3nica Infantil (DCI).<\/p>\n<p>San Marcos es la comunidad Aw\u00e1 m\u00e1s grande del noroccidente del Carchi. Para llegar a esta zona no existen caminos de primer orden, la \u00fanica manera de conseguirlo es venciendo una serie de complejos obst\u00e1culos naturales. \u201cPara llegar hemos tenido que caminar alrededor de seis horas desde El Chical, centro poblado m\u00e1s cercano que tiene acceso por carretera. Recorrimos un camino lodoso que rompe una espesa vegetaci\u00f3n llena de r\u00edos y mucho calor\u201d agreg\u00f3 Francisco Javier Casa, funcionario del PELDI.<\/p>\n<p>Esta actividad se ejecut\u00f3 en el marco de la Estrategia Nacional Ecuador Crece sin Desnutrici\u00f3n Infantil, que contempla una articulaci\u00f3n intersectorial para identificar puntos cr\u00edticos y planes de mejora que impacten en la calidad de vida de la poblaci\u00f3n. La visita cont\u00f3 tambi\u00e9n con la participaci\u00f3n del Ministerio de Educaci\u00f3n (MINEDUC), Secretar\u00eda T\u00e9cnica Ecuador Crece Sin Desnutrici\u00f3n Infantil (STECSDI), Ministerio de Inclusi\u00f3n Econ\u00f3mica y Social(MIES), as\u00ed como de Gobiernos Aut\u00f3nomos Descentralizados Provincial y Municipal.<\/p>\n<p>El equipo del MSP verific\u00f3 el adecuado abastecimiento de suplementos para gestantes y menores de 2 a\u00f1os, el estado de equipos antropom\u00e9tricos en establecimientos de salud, as\u00ed como la t\u00e9cnica correcta de uso, entre otros aspectos. Tambi\u00e9n, se acompa\u00f1\u00f3 al personal del Centro de Salud tipo \u201cA\u201d San Marcos en las visitas extramurales que realizan peri\u00f3dicamente para garantizar atenci\u00f3n m\u00e9dica a la poblaci\u00f3n materno infantil de comunidades dispersas y de dif\u00edcil acceso.<\/p>\n<p>El \u201cpaquete priorizado\u201d incluye servicios de salud como atenci\u00f3n prenatal, control de crecimiento y desarrollo, suplementaci\u00f3n de micronutrientes, toma de valores de hemoglobina, tamizaje de enfermedades, vacunaci\u00f3n y consejer\u00eda en lactancia materna y alimentaci\u00f3n saludable, entre otros.<\/p>\n<p>Adicionalmente, se desarrollaron capacitaciones dirigidas al personal de salud sobre normativa t\u00e9cnica y uso adecuado de Sistemas de Informaci\u00f3n para registrar las prestaciones de salud, monitorear y realizar seguimiento.<\/p>\n<p>Con estas actividades, el MSP busca implementar nuevas estrategias para asegurar el cumplimiento del paquete priorizado en beneficio de ni\u00f1as y ni\u00f1os menores de dos a\u00f1os y gestantes de todo el territorio nacional.<\/p>\n","protected":false},"excerpt":{"rendered":"<p>Tulc\u00e1n.- Personal del Ministerio de Salud P\u00fablica (MSP) a trav\u00e9s de la Direcci\u00f3n Distrital 04D01 Tulc\u00e1n \u2013 San Pedro de Huaca, con el acompa\u00f1amiento del Proyecto Ecuador Libre de Desnutrici\u00f3n Infantil (PELDI) realizaron una visita t\u00e9cnica en la comunidad de San Marcos, provincia del Carchi. El objetivo fue conocer la realidad territorial y verificar el [&hellip;]<\/p>\n","protected":false},"author":2,"featured_media":13448,"comment_status":"open","ping_status":"closed","sticky":false,"template":"","format":"standard","meta":{"_jetpack_memberships_contains_paid_content":false,"footnotes":""},"categories":[13],"tags":[148],"class_list":["post-13447","post","type-post","status-publish","format-standard","has-post-thumbnail","hentry","category-noticias-nacionales","tag-ministerio-de-salud-publica"],"jetpack_featured_media_url":"https:\/\/radiocresatelital.com\/wp-content\/uploads\/2024\/05\/WhatsApp-Image-2024-05-01-at-16.43.27-2.jpeg","jetpack_sharing_enabled":true,"_links":{"self":[{"href":"https:\/\/radiocresatelital.com\/index.php?rest_route=\/wp\/v2\/posts\/13447","targetHints":{"allow":["GET"]}}],"collection":[{"href":"https:\/\/radiocresatelital.com\/index.php?rest_route=\/wp\/v2\/posts"}],"about":[{"href":"https:\/\/radiocresatelital.com\/index.php?rest_route=\/wp\/v2\/types\/post"}],"author":[{"embeddable":true,"href":"https:\/\/radiocresatelital.com\/index.php?rest_route=\/wp\/v2\/users\/2"}],"replies":[{"embeddable":true,"href":"https:\/\/radiocresatelital.com\/index.php?rest_route=%2Fwp%2Fv2%2Fcomments&post=13447"}],"version-history":[{"count":1,"href":"https:\/\/radiocresatelital.com\/index.php?rest_route=\/wp\/v2\/posts\/13447\/revisions"}],"predecessor-version":[{"id":13449,"href":"https:\/\/radiocresatelital.com\/index.php?rest_route=\/wp\/v2\/posts\/13447\/revisions\/13449"}],"wp:featuredmedia":[{"embeddable":true,"href":"https:\/\/radiocresatelital.com\/index.php?rest_route=\/wp\/v2\/media\/13448"}],"wp:attachment":[{"href":"https:\/\/radiocresatelital.com\/index.php?rest_route=%2Fwp%2Fv2%2Fmedia&parent=13447"}],"wp:term":[{"taxonomy":"category","embeddable":true,"href":"https:\/\/radiocresatelital.com\/index.php?rest_route=%2Fwp%2Fv2%2Fcategories&post=13447"},{"taxonomy":"post_tag","embeddable":true,"href":"https:\/\/radiocresatelital.com\/index.php?rest_route=%2Fwp%2Fv2%2Ftags&post=13447"}],"curies":[{"name":"wp","href":"https:\/\/api.w.org\/{rel}","templated":true}]}}