{"id":13441,"date":"2024-05-01T21:31:45","date_gmt":"2024-05-01T21:31:45","guid":{"rendered":"https:\/\/radiocresatelital.com\/?p=13441"},"modified":"2024-05-01T21:31:45","modified_gmt":"2024-05-01T21:31:45","slug":"a-30-anos-de-su-desaparicion-ayrton-senna-sigue-vigente-en-la-formula-uno","status":"publish","type":"post","link":"https:\/\/radiocresatelital.com\/?p=13441","title":{"rendered":"A 30 a\u00f1os de su desaparici\u00f3n, Ayrton Senna sigue vigente en la F\u00f3rmula Uno"},"content":{"rendered":"<p>Brasilia.- Ayrton Senna quien alcanzara al fama como tricampe\u00f3n mundial brasile\u00f1o de F\u00f3rmula 1, ha sido recordado por la afici\u00f3n brasile\u00f1a mediante programas de TV, muestras, eventos deportivos y conmemoraciones a 30 a\u00f1os de su muerte en el circuito de Imola.<\/p>\n<p>Los fan\u00e1ticos de Senna visitaron durante todo el d\u00eda su tumba en el cementerio de Sao Paolo, su ciudad natal, donde descansa desde 1994, mientras que en el circuito de Interlagos se organiz\u00f3 una carrera pedestre.<\/p>\n<p>Durante los \u00faltimos d\u00edas se multiplicaron en los canales de TV los programas que rindieron homenaje al ex piloto cuyo nombre fue colocado en diversas calles de Brasil.<\/p>\n<p>A su vez, se inaugur\u00f3 en R\u00edo de Janeiro una muestra itinerante intitulada \u00abYo, Ayrton Senna da Silva &#8211; 30 a\u00f1os\u00bb, la cual ya hab\u00eda visitado otras ciudades del pa\u00eds.<\/p>\n<p>Los visitantes pueden escuchar la voz de Senna relatando los momentos decisivos de su vida y de su carrera utilizando inteligencia artificial.<\/p>\n<p>En tanto, en Copacabana miles de fan\u00e1ticos se tomaron una selfie frente a la estatua de bronce del piloto, retratado con los brazos en alto mientras enarbola una bandera de Brasil.<\/p>\n<p>M\u00e1s all\u00e1 de sus resultados deportivos, el legado del ex piloto permanece a trav\u00e9s del Instituto Ayrton Senna, reconocido en 2004 por la UNESCO por sus proyectos educativos destinados a los ni\u00f1os de los distritos m\u00e1s postergados.<\/p>\n<p>\u00abAyrton dec\u00eda siempre que si deseas cambias las cosas, debes empezar con la educaci\u00f3n\u00bb, afirm\u00f3 Viviane Senna, hermana del piloto y presidenta del instituto, en un video publicado recientemente en redes sociales.<\/p>\n<p>Fundado seis meses despu\u00e9s de la muerte del piloto, el instituto afirma haber ayudado a unos 36 millones de estudiantes en 3 mil ciudades del pa\u00eds sudamericano.<\/p>\n","protected":false},"excerpt":{"rendered":"<p>Brasilia.- Ayrton Senna quien alcanzara al fama como tricampe\u00f3n mundial brasile\u00f1o de F\u00f3rmula 1, ha sido recordado por la afici\u00f3n brasile\u00f1a mediante programas de TV, muestras, eventos deportivos y conmemoraciones a 30 a\u00f1os de su muerte en el circuito de Imola. Los fan\u00e1ticos de Senna visitaron durante todo el d\u00eda su tumba en el cementerio [&hellip;]<\/p>\n","protected":false},"author":2,"featured_media":13442,"comment_status":"open","ping_status":"closed","sticky":false,"template":"","format":"standard","meta":{"_jetpack_memberships_contains_paid_content":false,"footnotes":""},"categories":[9,20],"tags":[1177,168],"class_list":["post-13441","post","type-post","status-publish","format-standard","has-post-thumbnail","hentry","category-deportes","category-formula-uno","tag-ayrton-senna","tag-formula-uno"],"jetpack_featured_media_url":"https:\/\/radiocresatelital.com\/wp-content\/uploads\/2024\/05\/R7VL7HJMRJCAHHQ7K7YGW7C3LI.avif","jetpack_sharing_enabled":true,"_links":{"self":[{"href":"https:\/\/radiocresatelital.com\/index.php?rest_route=\/wp\/v2\/posts\/13441","targetHints":{"allow":["GET"]}}],"collection":[{"href":"https:\/\/radiocresatelital.com\/index.php?rest_route=\/wp\/v2\/posts"}],"about":[{"href":"https:\/\/radiocresatelital.com\/index.php?rest_route=\/wp\/v2\/types\/post"}],"author":[{"embeddable":true,"href":"https:\/\/radiocresatelital.com\/index.php?rest_route=\/wp\/v2\/users\/2"}],"replies":[{"embeddable":true,"href":"https:\/\/radiocresatelital.com\/index.php?rest_route=%2Fwp%2Fv2%2Fcomments&post=13441"}],"version-history":[{"count":1,"href":"https:\/\/radiocresatelital.com\/index.php?rest_route=\/wp\/v2\/posts\/13441\/revisions"}],"predecessor-version":[{"id":13443,"href":"https:\/\/radiocresatelital.com\/index.php?rest_route=\/wp\/v2\/posts\/13441\/revisions\/13443"}],"wp:featuredmedia":[{"embeddable":true,"href":"https:\/\/radiocresatelital.com\/index.php?rest_route=\/wp\/v2\/media\/13442"}],"wp:attachment":[{"href":"https:\/\/radiocresatelital.com\/index.php?rest_route=%2Fwp%2Fv2%2Fmedia&parent=13441"}],"wp:term":[{"taxonomy":"category","embeddable":true,"href":"https:\/\/radiocresatelital.com\/index.php?rest_route=%2Fwp%2Fv2%2Fcategories&post=13441"},{"taxonomy":"post_tag","embeddable":true,"href":"https:\/\/radiocresatelital.com\/index.php?rest_route=%2Fwp%2Fv2%2Ftags&post=13441"}],"curies":[{"name":"wp","href":"https:\/\/api.w.org\/{rel}","templated":true}]}}