{"id":13432,"date":"2024-05-01T21:10:12","date_gmt":"2024-05-01T21:10:12","guid":{"rendered":"https:\/\/radiocresatelital.com\/?p=13432"},"modified":"2024-05-01T21:10:12","modified_gmt":"2024-05-01T21:10:12","slug":"guama-el-mejor-ubicado-en-el-inicio-de-la-vuelta-bantrab","status":"publish","type":"post","link":"https:\/\/radiocresatelital.com\/?p=13432","title":{"rendered":"Guam\u00e1, el mejor ubicado en el inicio de la Vuelta Bantrab"},"content":{"rendered":"<p>Guatemala.- La tercera edici\u00f3n de la Vuelta Bantrab inici\u00f3 con un circuito urbano en Ciudad Guatemala. Bayron Guam\u00e1 fue el ciclista mejor ubicado del Movistar Best PC.<\/p>\n<p>El \u2018Patr\u00f3n\u2019 cruz\u00f3 la meta, frente a la agencia central de Bantrab, con el mismo tiempo del ganador, el colombiano Wilmar Paredes.\u00a0 Por las bonificaciones, en la clasificaci\u00f3n general est\u00e1 a 13 segundos, en d\u00e9cimo s\u00e9ptimo lugar.<\/p>\n<p>La misma diferencia de 13 segundos, en relaci\u00f3n con el jersey amarillo, mantienen Santiago Montenegro (32), Pablo Caicedo (37), Juan Alba (49) y Richard Huera (62).<\/p>\n<p>Erik Pozo, de 19 a\u00f1os, se ubica en sexto lugar de la clasificaci\u00f3n Sub 23. El pedalista carchense est\u00e1 a seis segundos de Cristian V\u00e9lez.<\/p>\n<p>La segunda fracci\u00f3n del giro se cumple este jueves entre la ciudad de San Lucas Sacatep\u00e9quez y Tononicap\u00e1n. Los 111 ciclistas cubrir\u00e1n un recorrido de 175 kil\u00f3metros. Se disputar\u00e1n 8 premios de monta\u00f1a y 3 metas volantes.<\/p>\n","protected":false},"excerpt":{"rendered":"<p>Guatemala.- La tercera edici\u00f3n de la Vuelta Bantrab inici\u00f3 con un circuito urbano en Ciudad Guatemala. Bayron Guam\u00e1 fue el ciclista mejor ubicado del Movistar Best PC. El \u2018Patr\u00f3n\u2019 cruz\u00f3 la meta, frente a la agencia central de Bantrab, con el mismo tiempo del ganador, el colombiano Wilmar Paredes.\u00a0 Por las bonificaciones, en la clasificaci\u00f3n [&hellip;]<\/p>\n","protected":false},"author":2,"featured_media":13433,"comment_status":"open","ping_status":"closed","sticky":false,"template":"","format":"standard","meta":{"_jetpack_memberships_contains_paid_content":false,"footnotes":""},"categories":[120,9],"tags":[2209],"class_list":["post-13432","post","type-post","status-publish","format-standard","has-post-thumbnail","hentry","category-ciclismo","category-deportes","tag-vuelta-bantrab-de-guatemala"],"jetpack_featured_media_url":"https:\/\/radiocresatelital.com\/wp-content\/uploads\/2024\/05\/4e32e095-2664-4786-8666-e6c45e7806ca.jpeg","jetpack_sharing_enabled":true,"_links":{"self":[{"href":"https:\/\/radiocresatelital.com\/index.php?rest_route=\/wp\/v2\/posts\/13432","targetHints":{"allow":["GET"]}}],"collection":[{"href":"https:\/\/radiocresatelital.com\/index.php?rest_route=\/wp\/v2\/posts"}],"about":[{"href":"https:\/\/radiocresatelital.com\/index.php?rest_route=\/wp\/v2\/types\/post"}],"author":[{"embeddable":true,"href":"https:\/\/radiocresatelital.com\/index.php?rest_route=\/wp\/v2\/users\/2"}],"replies":[{"embeddable":true,"href":"https:\/\/radiocresatelital.com\/index.php?rest_route=%2Fwp%2Fv2%2Fcomments&post=13432"}],"version-history":[{"count":1,"href":"https:\/\/radiocresatelital.com\/index.php?rest_route=\/wp\/v2\/posts\/13432\/revisions"}],"predecessor-version":[{"id":13434,"href":"https:\/\/radiocresatelital.com\/index.php?rest_route=\/wp\/v2\/posts\/13432\/revisions\/13434"}],"wp:featuredmedia":[{"embeddable":true,"href":"https:\/\/radiocresatelital.com\/index.php?rest_route=\/wp\/v2\/media\/13433"}],"wp:attachment":[{"href":"https:\/\/radiocresatelital.com\/index.php?rest_route=%2Fwp%2Fv2%2Fmedia&parent=13432"}],"wp:term":[{"taxonomy":"category","embeddable":true,"href":"https:\/\/radiocresatelital.com\/index.php?rest_route=%2Fwp%2Fv2%2Fcategories&post=13432"},{"taxonomy":"post_tag","embeddable":true,"href":"https:\/\/radiocresatelital.com\/index.php?rest_route=%2Fwp%2Fv2%2Ftags&post=13432"}],"curies":[{"name":"wp","href":"https:\/\/api.w.org\/{rel}","templated":true}]}}