{"id":1342,"date":"2023-07-18T20:26:13","date_gmt":"2023-07-18T20:26:13","guid":{"rendered":"https:\/\/radiocresatelital.com\/?p=1342"},"modified":"2023-07-18T20:26:13","modified_gmt":"2023-07-18T20:26:13","slug":"emilio-gomez-y-alvaro-guillen-entrenan-previo-al-challenger-de-salinas","status":"publish","type":"post","link":"https:\/\/radiocresatelital.com\/?p=1342","title":{"rendered":"Emilio G\u00f3mez y Alvaro Guill\u00e9n entrenan previo al Challenger de Salinas"},"content":{"rendered":"<p class=\"x_ydp143cf3c2yiv3379378894gmail-MsoNoSpacing\"><span lang=\"ES-EC\">Salinas.- El a\u00f1o pasado el sorteo los puso frente a frente a Emilio G\u00f3mez y \u00c1lvaro Guill\u00e9n en la primera ronda del Challenger ATP de Salinas Copa Banco Guayaquil, sali\u00f3 victorioso la raqueta #1 tricolor que posteriormente gan\u00f3 el torneo, ahora a pocos d\u00edas del inicio de la edici\u00f3n 2023, ambos entrenan juntos.<\/span><span lang=\"ES-EC\">\u00a0<\/span><\/p>\n<p class=\"x_ydp143cf3c2yiv3379378894gmail-MsoNoSpacing\"><span lang=\"ES-EC\">\u201cLlego con unas sensaciones un poco diferentes este a\u00f1o. No vengo teniendo un buen segundo trimestre del a\u00f1o, ha sido bastante desafiante en todo sentido, pero siempre es bueno volver a un torneo como Salinas y tener la motivaci\u00f3n de saber de qu\u00e9 me gusta jugar ah\u00ed y siempre tengo un plus, m\u00e1s que nada para ver si puedo encontrar mi juego de nuevo, mi confianza y poder de ah\u00ed salir para encarar la gira del US Open\u201d, manifest\u00f3 Emilio G\u00f3mez, bicampe\u00f3n del torneo de Salinas.<\/span><span lang=\"ES-EC\">\u00a0<\/span><\/p>\n<p class=\"x_ydp143cf3c2yiv3379378894gmail-MsoNoSpacing\"><span lang=\"ES-EC\">El 2021 venci\u00f3 en al final al chileno Nicol\u00e1s Jarry y el a\u00f1o pasado super\u00f3 al estadounidense Nicol\u00e1s Moreno de Albor\u00e1n. Por tal raz\u00f3n Emilio aspira volver a sacar su mejor tenis en las canchas duras del Salinas Golf &amp; Tenis Club.<\/span><span lang=\"ES-EC\">\u00a0<\/span><\/p>\n<p class=\"x_ydp143cf3c2yiv3379378894gmail-MsoNoSpacing\"><span lang=\"ES-EC\">Para eso, entrena ya desde hace varios d\u00edas en el Anexo Guayaquil Tenis Club, a doble jornada junto a Guill\u00e9n.<\/span><span lang=\"ES-EC\">\u00a0<\/span><\/p>\n<p class=\"x_ydp143cf3c2yiv3379378894gmail-MsoNoSpacing\"><span lang=\"ES-EC\">\u201cPara m\u00ed era un tema m\u00e1s de nivel y tambi\u00e9n de condiciones que se adaptan a lo que yo estaba jugando. Entonces para m\u00ed es importante mantenerme bien f\u00edsicamente porque siempre las condiciones son dif\u00edciles en Salinas, son bastantes calurosas. Ahora obviamente es una \u00e9poca diferente del a\u00f1o, pero igual no creo que va a dejar de ser dif\u00edcil las condiciones\u201d, anot\u00f3 G\u00f3mez respecto a sus partidos y futura participaci\u00f3n en Salinas.<\/span><span lang=\"ES-EC\">\u00a0<\/span><\/p>\n<p class=\"x_ydp143cf3c2yiv3379378894gmail-MsoNoSpacing\"><span lang=\"ES-EC\">Por su parte \u00c1lvaro Guill\u00e9n llega motivado este a\u00f1o, hace pocas semanas gan\u00f3 su primer torneo profesional (M15 Store) y luego lleg\u00f3 a cuartos de final en el Challenger de Santa Fe, Argentina.<\/span><span lang=\"ES-EC\">\u00a0<\/span><\/p>\n<p class=\"x_ydp143cf3c2yiv3379378894gmail-MsoNoSpacing\"><span lang=\"ES-EC\">\u201cEmpec\u00e9 a encontrar m\u00e1s orden dentro de la cancha en mi nivel y las cosas que ven\u00eda entrenando bastante como que empez\u00f3 todo a fluir mejor y la verdad que esa primera final me dio bastante confianza, me qued\u00e9 un poco con la mala espina de perder en la final, pero fui con el objetivo de mejorarlo y se fue dando todo, estuve bien y pude sacar mi primer torneo en Eslovenia. Despu\u00e9s en Santa Fe segu\u00ed con esa confianza ganada y logr\u00e9 avanzar por primera vez a cuartos de final de un Challenger\u201d, destac\u00f3 Guill\u00e9n que est\u00e1 radicado en Argentina donde hace base de entrenamientos.<\/span><span lang=\"ES-EC\">\u00a0<\/span><\/p>\n<p class=\"x_ydp143cf3c2yiv3379378894gmail-MsoNoSpacing\"><span lang=\"ES-EC\">El Challenger ATP de Salinas Copa Banco Guayaquil se jugar\u00e1 del 23 al 29 de julio en el Salinas Golf &amp; Tenis Club (canchas duras), repartir\u00e1 $80.000 en premios y los puntos ATP ser\u00e1n, 75 para el campe\u00f3n y 50 para el finalista (subcampe\u00f3n).<\/span><span lang=\"ES-EC\">\u00a0<\/span><\/p>\n<p class=\"x_ydp143cf3c2yiv3379378894gmail-MsoNoSpacing\"><span lang=\"ES-EC\">El Challenger ATP de Salinas Copa Banco Guayaquil se jugar\u00e1 del 23 al 29 de julio en el Salinas Golf &amp; Tenis Club (canchas duras), repartir\u00e1 $80.000 en premios y el campe\u00f3n obtendr\u00e1 75 puntos ATP, el finalista sumar\u00e1 50.<\/span><\/p>\n","protected":false},"excerpt":{"rendered":"<p>Salinas.- El a\u00f1o pasado el sorteo los puso frente a frente a Emilio G\u00f3mez y \u00c1lvaro Guill\u00e9n en la primera ronda del Challenger ATP de Salinas Copa Banco Guayaquil, sali\u00f3 victorioso la raqueta #1 tricolor que posteriormente gan\u00f3 el torneo, ahora a pocos d\u00edas del inicio de la edici\u00f3n 2023, ambos entrenan juntos.\u00a0 \u201cLlego con [&hellip;]<\/p>\n","protected":false},"author":2,"featured_media":1343,"comment_status":"open","ping_status":"closed","sticky":false,"template":"","format":"standard","meta":{"_jetpack_memberships_contains_paid_content":false,"footnotes":""},"categories":[9,64],"tags":[145],"class_list":["post-1342","post","type-post","status-publish","format-standard","has-post-thumbnail","hentry","category-deportes","category-tenis","tag-challenger-salinas"],"jetpack_featured_media_url":"https:\/\/radiocresatelital.com\/wp-content\/uploads\/2023\/07\/thumbnail_EmilioGomez_ECU.jpg","jetpack_sharing_enabled":true,"_links":{"self":[{"href":"https:\/\/radiocresatelital.com\/index.php?rest_route=\/wp\/v2\/posts\/1342","targetHints":{"allow":["GET"]}}],"collection":[{"href":"https:\/\/radiocresatelital.com\/index.php?rest_route=\/wp\/v2\/posts"}],"about":[{"href":"https:\/\/radiocresatelital.com\/index.php?rest_route=\/wp\/v2\/types\/post"}],"author":[{"embeddable":true,"href":"https:\/\/radiocresatelital.com\/index.php?rest_route=\/wp\/v2\/users\/2"}],"replies":[{"embeddable":true,"href":"https:\/\/radiocresatelital.com\/index.php?rest_route=%2Fwp%2Fv2%2Fcomments&post=1342"}],"version-history":[{"count":1,"href":"https:\/\/radiocresatelital.com\/index.php?rest_route=\/wp\/v2\/posts\/1342\/revisions"}],"predecessor-version":[{"id":1344,"href":"https:\/\/radiocresatelital.com\/index.php?rest_route=\/wp\/v2\/posts\/1342\/revisions\/1344"}],"wp:featuredmedia":[{"embeddable":true,"href":"https:\/\/radiocresatelital.com\/index.php?rest_route=\/wp\/v2\/media\/1343"}],"wp:attachment":[{"href":"https:\/\/radiocresatelital.com\/index.php?rest_route=%2Fwp%2Fv2%2Fmedia&parent=1342"}],"wp:term":[{"taxonomy":"category","embeddable":true,"href":"https:\/\/radiocresatelital.com\/index.php?rest_route=%2Fwp%2Fv2%2Fcategories&post=1342"},{"taxonomy":"post_tag","embeddable":true,"href":"https:\/\/radiocresatelital.com\/index.php?rest_route=%2Fwp%2Fv2%2Ftags&post=1342"}],"curies":[{"name":"wp","href":"https:\/\/api.w.org\/{rel}","templated":true}]}}