{"id":13375,"date":"2024-04-30T21:10:04","date_gmt":"2024-04-30T21:10:04","guid":{"rendered":"https:\/\/radiocresatelital.com\/?p=13375"},"modified":"2024-04-30T21:10:04","modified_gmt":"2024-04-30T21:10:04","slug":"itf-masters-guayaquil-cerrado-llevara-el-nombre-de-eduardo-zuleta","status":"publish","type":"post","link":"https:\/\/radiocresatelital.com\/?p=13375","title":{"rendered":"ITF Masters Guayaquil (cerrado) llevar\u00e1 el nombre de Eduardo Zuleta"},"content":{"rendered":"<p>Guayaquil.- La Comisi\u00f3n Masters de la Federaci\u00f3n Ecuatoriana de Tenis (FET) resolvi\u00f3 crear el Torneo ITF Masters Guayaquil (cerrado) 2024 que llevar\u00e1 el nombre de Eduardo Zuleta Candelario, fallecido el pasado 1 de abril del presente a\u00f1o,<\/p>\n<p>El circuito, que se realizar\u00e1 en reconocimiento a su destacada trayectoria ten\u00edstica, siendo parte de triunfos importantes para el pa\u00eds arrancar\u00eda el 5 de agosto pr\u00f3ximo.<\/p>\n<p>Esta iniciativa se da al cumplirse ma\u00f1ana mi\u00e9rcoles 1 de mayo un mes de su fallecimiento a la edad de 88 a\u00f1os. Las competencias se desarrollar\u00e1n en el Centro Nacional de la FET (Lomas de Urdesa) y el sistema de juego y categor\u00edas se definir\u00e1n en los pr\u00f3ximos d\u00edas.<\/p>\n<p>La Federaci\u00f3n Ecuatoriana de Tenis se une a los homenajes que se realizar\u00e1n en memoria del \u201cChivo\u201d Zuleta, especialmente al que tiene programado el Guayaquil Tenis Club el d\u00eda de ma\u00f1ana mi\u00e9rcoles, en la cancha principal \u201cPancho Segura Cano\u201d.<\/p>\n<p>Zuleta, con 25 a\u00f1os de edad, junto a Miguel Olvera Mora, con 21 a\u00f1os, jugaron la primera serie de Copa Davis para nuestro pa\u00eds en 1961 ante Colombia.<\/p>\n<p>En aquella ocasi\u00f3n Ecuador, que tambi\u00e9n estaba integrado por Carlos Humburguer y Luis Ratti, venci\u00f3 5-0 a los colombianos en las canchas del Guayaquil Tenis Club. El \u201cChivo\u201d, como se lo conoc\u00eda a Eduardo Zuleta, gan\u00f3 sus dos partidos de singles ante Jos\u00e9 Alejandro Cortez y William \u00c1lvarez; y, haciendo dupla con \u201cMiguelito\u201d derrotaron a \u00c1lvarez y Cortez.<\/p>\n<p>Aunque no jug\u00f3, en 1967 fue parte del equipo que derrot\u00f3 al poderoso Estados Unidos de Arthur Ashe, en la final americana de Copa Davis en el Guayaquil Tenis Club. En Copa Davis jug\u00f3 12 partidos, gan\u00f3 6 y perdi\u00f3 6.<\/p>\n<p>Recorri\u00f3 su tenis en competiciones en Estados Unidos y Europa, en algunos casos apoyado a rifas organizadas por el periodista Manuel \u201cChicken\u201d Palacios, como se narra en el libro Haza\u00f1as y Leyendas del Tenis Ecuatoriano.<\/p>\n<p>Entre 1960 y 1974 jug\u00f3 tres de los cuatro Grand Slams: Roland Garros, Wimbledon y el US Championships, siendo su mejor actuaci\u00f3n la lograda en 1960 con los octavos de final en Nueva York y la tercera ronda en par\u00eds 1968.<\/p>\n<p>En 1961, en los Juegos Bolivarianos de Barranquilla, obtuvo una medalla de bronce en singles; y, una de oro en dobles (Olvera). En los Juegos Bolivarianos Guayaquil 1965 obtuvo la presea de oro en dobles con Olvera.<\/p>\n<p>En 1962, junto Miguel Olvera gan\u00f3 la Copa Mitre (equivalente al Campeonato Sudamericano) que se jug\u00f3 en Guayaquil, derrotando a Brasil en la final.<\/p>\n","protected":false},"excerpt":{"rendered":"<p>Guayaquil.- La Comisi\u00f3n Masters de la Federaci\u00f3n Ecuatoriana de Tenis (FET) resolvi\u00f3 crear el Torneo ITF Masters Guayaquil (cerrado) 2024 que llevar\u00e1 el nombre de Eduardo Zuleta Candelario, fallecido el pasado 1 de abril del presente a\u00f1o, El circuito, que se realizar\u00e1 en reconocimiento a su destacada trayectoria ten\u00edstica, siendo parte de triunfos importantes para [&hellip;]<\/p>\n","protected":false},"author":2,"featured_media":13376,"comment_status":"open","ping_status":"closed","sticky":false,"template":"","format":"standard","meta":{"_jetpack_memberships_contains_paid_content":false,"footnotes":""},"categories":[9,64],"tags":[683,2205],"class_list":["post-13375","post","type-post","status-publish","format-standard","has-post-thumbnail","hentry","category-deportes","category-tenis","tag-federacion-ecuatoriana-de-tenis","tag-itf-masters-guayaquil"],"jetpack_featured_media_url":"https:\/\/radiocresatelital.com\/wp-content\/uploads\/2024\/04\/08397816-7c7c-463a-93cd-ffbd7ed9fc82.jpeg","jetpack_sharing_enabled":true,"_links":{"self":[{"href":"https:\/\/radiocresatelital.com\/index.php?rest_route=\/wp\/v2\/posts\/13375","targetHints":{"allow":["GET"]}}],"collection":[{"href":"https:\/\/radiocresatelital.com\/index.php?rest_route=\/wp\/v2\/posts"}],"about":[{"href":"https:\/\/radiocresatelital.com\/index.php?rest_route=\/wp\/v2\/types\/post"}],"author":[{"embeddable":true,"href":"https:\/\/radiocresatelital.com\/index.php?rest_route=\/wp\/v2\/users\/2"}],"replies":[{"embeddable":true,"href":"https:\/\/radiocresatelital.com\/index.php?rest_route=%2Fwp%2Fv2%2Fcomments&post=13375"}],"version-history":[{"count":1,"href":"https:\/\/radiocresatelital.com\/index.php?rest_route=\/wp\/v2\/posts\/13375\/revisions"}],"predecessor-version":[{"id":13377,"href":"https:\/\/radiocresatelital.com\/index.php?rest_route=\/wp\/v2\/posts\/13375\/revisions\/13377"}],"wp:featuredmedia":[{"embeddable":true,"href":"https:\/\/radiocresatelital.com\/index.php?rest_route=\/wp\/v2\/media\/13376"}],"wp:attachment":[{"href":"https:\/\/radiocresatelital.com\/index.php?rest_route=%2Fwp%2Fv2%2Fmedia&parent=13375"}],"wp:term":[{"taxonomy":"category","embeddable":true,"href":"https:\/\/radiocresatelital.com\/index.php?rest_route=%2Fwp%2Fv2%2Fcategories&post=13375"},{"taxonomy":"post_tag","embeddable":true,"href":"https:\/\/radiocresatelital.com\/index.php?rest_route=%2Fwp%2Fv2%2Ftags&post=13375"}],"curies":[{"name":"wp","href":"https:\/\/api.w.org\/{rel}","templated":true}]}}