{"id":13359,"date":"2024-04-29T22:03:10","date_gmt":"2024-04-29T22:03:10","guid":{"rendered":"https:\/\/radiocresatelital.com\/?p=13359"},"modified":"2024-04-29T22:03:10","modified_gmt":"2024-04-29T22:03:10","slug":"movistar-best-pc-abre-calendario-internacional-en-guatemala","status":"publish","type":"post","link":"https:\/\/radiocresatelital.com\/?p=13359","title":{"rendered":"Movistar Best PC abre calendario internacional en Guatemala"},"content":{"rendered":"<p>Quito.- La tercera edici\u00f3n de la Vuelta Bantrab se cumple entre el 1 y 5 de mayo en Guatemala, con la presencia del Movistar Best PC, que se desplaza este martes rumbo a la capital del \u2018Pa\u00eds de la Eterna Primavera\u2019.<\/p>\n<p>El estreno internacional del equipo continental ecuatoriano, en 2024, tiene como novedad la inclusi\u00f3n en la n\u00f3mina de Erik Pozo, ciclista de 19 a\u00f1os.<\/p>\n<p>\u201cEs una vuelta corta, pero de mucha monta\u00f1a. Llevamos a nuestros principales escaladores y a ciclistas nuevos como Erik Pozo, que tambi\u00e9n destaca en este tipo de terrenos\u201d, explic\u00f3 Anderson Padilla, director deportivo del equipo.<\/p>\n<p>Pozo, en su primer a\u00f1o como Sub 23, dice que llega con buenas sensaciones. \u201cHe venido entrenando duro para esta competencia. Quiero disfrutarla y aprender mucho\u201d, coment\u00f3 el pedalista carchense.<\/p>\n<p>Bayron Guam\u00e1, Santiago Montenegro, Richard Huera, Pablo Caicedo y el colombiano Juan Diego Alba, quinto en la edici\u00f3n pasada, completan la formaci\u00f3n.<\/p>\n<p>Para el \u2018Santy\u2019 Montenegro es una carrera con etapas conocidas. \u201cLas hemos hecho en Bantrab y en Vuelta a Guatemala. Esperamos estar ah\u00ed, entre los primeros lugares\u201d, destac\u00f3 el ciclista del Play\u00f3n de San Francisco.<strong>\u00a0<\/strong><\/p>\n<p><strong>MOVISTAR BEST PC<\/strong><\/p>\n<p><strong>N\u00f3mina Vuelta Bantrab<\/strong><\/p>\n<p>Juan Diego Alba<\/p>\n<p>Bayron Guam\u00e1<\/p>\n<p>Santiago Montenegro<\/p>\n<p>Richard Huera<\/p>\n<p>Pablo Caicedo<\/p>\n<p>Erik Pozo<\/p>\n","protected":false},"excerpt":{"rendered":"<p>Quito.- La tercera edici\u00f3n de la Vuelta Bantrab se cumple entre el 1 y 5 de mayo en Guatemala, con la presencia del Movistar Best PC, que se desplaza este martes rumbo a la capital del \u2018Pa\u00eds de la Eterna Primavera\u2019. El estreno internacional del equipo continental ecuatoriano, en 2024, tiene como novedad la inclusi\u00f3n [&hellip;]<\/p>\n","protected":false},"author":2,"featured_media":13360,"comment_status":"open","ping_status":"closed","sticky":false,"template":"","format":"standard","meta":{"_jetpack_memberships_contains_paid_content":false,"footnotes":""},"categories":[120,9],"tags":[1029],"class_list":["post-13359","post","type-post","status-publish","format-standard","has-post-thumbnail","hentry","category-ciclismo","category-deportes","tag-movistar-best-pc"],"jetpack_featured_media_url":"https:\/\/radiocresatelital.com\/wp-content\/uploads\/2024\/04\/a3a38fdf-da80-4960-bbe6-de08589e5aed.jpeg","jetpack_sharing_enabled":true,"_links":{"self":[{"href":"https:\/\/radiocresatelital.com\/index.php?rest_route=\/wp\/v2\/posts\/13359","targetHints":{"allow":["GET"]}}],"collection":[{"href":"https:\/\/radiocresatelital.com\/index.php?rest_route=\/wp\/v2\/posts"}],"about":[{"href":"https:\/\/radiocresatelital.com\/index.php?rest_route=\/wp\/v2\/types\/post"}],"author":[{"embeddable":true,"href":"https:\/\/radiocresatelital.com\/index.php?rest_route=\/wp\/v2\/users\/2"}],"replies":[{"embeddable":true,"href":"https:\/\/radiocresatelital.com\/index.php?rest_route=%2Fwp%2Fv2%2Fcomments&post=13359"}],"version-history":[{"count":1,"href":"https:\/\/radiocresatelital.com\/index.php?rest_route=\/wp\/v2\/posts\/13359\/revisions"}],"predecessor-version":[{"id":13361,"href":"https:\/\/radiocresatelital.com\/index.php?rest_route=\/wp\/v2\/posts\/13359\/revisions\/13361"}],"wp:featuredmedia":[{"embeddable":true,"href":"https:\/\/radiocresatelital.com\/index.php?rest_route=\/wp\/v2\/media\/13360"}],"wp:attachment":[{"href":"https:\/\/radiocresatelital.com\/index.php?rest_route=%2Fwp%2Fv2%2Fmedia&parent=13359"}],"wp:term":[{"taxonomy":"category","embeddable":true,"href":"https:\/\/radiocresatelital.com\/index.php?rest_route=%2Fwp%2Fv2%2Fcategories&post=13359"},{"taxonomy":"post_tag","embeddable":true,"href":"https:\/\/radiocresatelital.com\/index.php?rest_route=%2Fwp%2Fv2%2Ftags&post=13359"}],"curies":[{"name":"wp","href":"https:\/\/api.w.org\/{rel}","templated":true}]}}