{"id":13224,"date":"2024-04-26T21:55:05","date_gmt":"2024-04-26T21:55:05","guid":{"rendered":"https:\/\/radiocresatelital.com\/?p=13224"},"modified":"2024-04-26T23:34:31","modified_gmt":"2024-04-26T23:34:31","slug":"13224","status":"publish","type":"post","link":"https:\/\/radiocresatelital.com\/?p=13224","title":{"rendered":"Se inscribi\u00f3 candidatura de Antonio \u00c1lvarez como Pdte de Barcelona"},"content":{"rendered":"<p>Guayaquil.- Acompa\u00f1ado de su equipo de trabajo arrib\u00f3, la ma\u00f1ana de este viernes 26 de abril, Antonio Alvarez Henriques al estadio Banco Pichincha, para formalizar su candidatura a la presidencia del Barcelona Sporting Club (BSC) en las pr\u00f3ximas elecciones. Una vez en el lugar, el candidato present\u00f3 la documentaci\u00f3n necesaria para su inscripci\u00f3n y luego se dirigi\u00f3 a los medios de comunicaci\u00f3n presentes en el lugar.<\/p>\n<p>Durante su intervenci\u00f3n, \u00c1lvarez enfatiz\u00f3 que, despu\u00e9s de convocar a elecciones en la Asamblea de Socios, solicit\u00f3 que la Federaci\u00f3n Ecuatoriana de F\u00fatbol (FEF) y el Ministerio de Deporte trabajen de la mano para que todo camine de la mejor manera y no haya problemas en el proceso de elecciones por el bien de Barcelona.<\/p>\n<p>Asimismo, destac\u00f3 la importancia de un proceso electoral transparente que brinde estabilidad y tranquilidad a todos los que conforman el club y la familia barcelonista.<\/p>\n<p>Entre los integrantes de la Lista 1 se encuentran Jos\u00e9 Luis Nogales, vicepresidente Deportivo; Miguel Montalvo Arias, vicepresidente Financiero; y Galo Roggiero Avil\u00e9s, vicepresidente Administrativo.<\/p>\n<p>Integrantes de la Lista 1 liderada por Antonio \u00c1lvarez<br \/>\n\u2022 Presidente: Antonio \u00c1lvarez Henriques.<br \/>\n\u2022 Vicepresidente Financiero: Miguel Montalvo Arias.<br \/>\n\u2022 Vicepresidente Administrativo: Galo Roggiero Avil\u00e9s.<br \/>\n\u2022 Vicepresidente Deportivo: Jos\u00e9 Luis Nogales Colmont.<br \/>\n\u2022 Secretario: Diego Cabezas-Klaere.<br \/>\n\u2022 Prosecretario: Luis Mu\u00f1oz Carrasco.<br \/>\n\u2022 Tesorero: Francisco L\u00f3pez Mendieta.<br \/>\n\u2022 Protesorero: Jorge Rodr\u00edguez Fajardo.<br \/>\n\u2022 S\u00edndico: Jorge Zavala Luque.<br \/>\n\u2022 Pros\u00edndico: Manuel Viteri Thompson.<br \/>\n\u2022 Director: Xavier Alvarez Henriques.<br \/>\n\u2022 Director: Pablo Pita Rend\u00f3n.<br \/>\n\u2022 Director: Viviana Zavala Luque.<br \/>\n\u2022 Director: Karla Escobar Schuldt.<br \/>\n\u2022 Director: Emilio V\u00e1squez Medina.<br \/>\n\u2022 Director: C\u00e9sar Contreras Enireb.<br \/>\n\u2022 Director: Washington Silva Vicu\u00f1a.<br \/>\n\u2022 Director: David Intriago Williams.<br \/>\n\u2022 Director: Juan Manuel Puga Gait\u00e1n.<br \/>\n\u2022 Director: Ricardo Stagg Pe\u00f1a.<br \/>\n\u2022 Director: Juan Carlos Gallardo Bastidas.<br \/>\n\u2022 Director: Daniel Ter\u00e1n Estrada.<\/p>\n<blockquote class=\"twitter-tweet\" data-width=\"550\" data-dnt=\"true\">\n<p lang=\"es\" dir=\"ltr\">Antonio \u00c1lvarez, candidato a presidente de <a href=\"https:\/\/twitter.com\/hashtag\/BarcelonaSC?src=hash&amp;ref_src=twsrc%5Etfw\">#BarcelonaSC<\/a> inscribi\u00f3 su lista y dej\u00f3 las siguientes declaraciones \ud83d\udc47\ud83c\udffb<a href=\"https:\/\/twitter.com\/hashtag\/TusOjosEnLaCancha?src=hash&amp;ref_src=twsrc%5Etfw\">#TusOjosEnLaCancha<\/a> <a href=\"https:\/\/t.co\/yzkWYleiv9\">pic.twitter.com\/yzkWYleiv9<\/a><\/p>\n<p>&mdash; CREsatelital (@Cresatelitalecu) <a href=\"https:\/\/twitter.com\/Cresatelitalecu\/status\/1783979788056641961?ref_src=twsrc%5Etfw\">April 26, 2024<\/a><\/p><\/blockquote>\n<p><script async src=\"https:\/\/platform.twitter.com\/widgets.js\" charset=\"utf-8\"><\/script><\/p>\n","protected":false},"excerpt":{"rendered":"<p>Guayaquil.- Acompa\u00f1ado de su equipo de trabajo arrib\u00f3, la ma\u00f1ana de este viernes 26 de abril, Antonio Alvarez Henriques al estadio Banco Pichincha, para formalizar su candidatura a la presidencia del Barcelona Sporting Club (BSC) en las pr\u00f3ximas elecciones. Una vez en el lugar, el candidato present\u00f3 la documentaci\u00f3n necesaria para su inscripci\u00f3n y luego [&hellip;]<\/p>\n","protected":false},"author":2,"featured_media":13225,"comment_status":"open","ping_status":"closed","sticky":false,"template":"","format":"standard","meta":{"_jetpack_memberships_contains_paid_content":false,"footnotes":""},"categories":[9,626],"tags":[1198,2187],"class_list":["post-13224","post","type-post","status-publish","format-standard","has-post-thumbnail","hentry","category-deportes","category-futbol-nacional","tag-antonio-alvarez","tag-candidato-a-presidente-de-emelec"],"jetpack_featured_media_url":"https:\/\/radiocresatelital.com\/wp-content\/uploads\/2024\/04\/20a88c72-56bb-4488-89c7-dacd1cec0d41.jpeg","jetpack_sharing_enabled":true,"_links":{"self":[{"href":"https:\/\/radiocresatelital.com\/index.php?rest_route=\/wp\/v2\/posts\/13224","targetHints":{"allow":["GET"]}}],"collection":[{"href":"https:\/\/radiocresatelital.com\/index.php?rest_route=\/wp\/v2\/posts"}],"about":[{"href":"https:\/\/radiocresatelital.com\/index.php?rest_route=\/wp\/v2\/types\/post"}],"author":[{"embeddable":true,"href":"https:\/\/radiocresatelital.com\/index.php?rest_route=\/wp\/v2\/users\/2"}],"replies":[{"embeddable":true,"href":"https:\/\/radiocresatelital.com\/index.php?rest_route=%2Fwp%2Fv2%2Fcomments&post=13224"}],"version-history":[{"count":5,"href":"https:\/\/radiocresatelital.com\/index.php?rest_route=\/wp\/v2\/posts\/13224\/revisions"}],"predecessor-version":[{"id":13257,"href":"https:\/\/radiocresatelital.com\/index.php?rest_route=\/wp\/v2\/posts\/13224\/revisions\/13257"}],"wp:featuredmedia":[{"embeddable":true,"href":"https:\/\/radiocresatelital.com\/index.php?rest_route=\/wp\/v2\/media\/13225"}],"wp:attachment":[{"href":"https:\/\/radiocresatelital.com\/index.php?rest_route=%2Fwp%2Fv2%2Fmedia&parent=13224"}],"wp:term":[{"taxonomy":"category","embeddable":true,"href":"https:\/\/radiocresatelital.com\/index.php?rest_route=%2Fwp%2Fv2%2Fcategories&post=13224"},{"taxonomy":"post_tag","embeddable":true,"href":"https:\/\/radiocresatelital.com\/index.php?rest_route=%2Fwp%2Fv2%2Ftags&post=13224"}],"curies":[{"name":"wp","href":"https:\/\/api.w.org\/{rel}","templated":true}]}}