{"id":13206,"date":"2024-04-18T16:55:22","date_gmt":"2024-04-18T16:55:22","guid":{"rendered":"https:\/\/radiocresatelital.com\/?p=13206"},"modified":"2024-04-18T16:55:22","modified_gmt":"2024-04-18T16:55:22","slug":"camara-de-comercio-de-guayaquil-va-por-el-si-en-la-consulta-popular","status":"publish","type":"post","link":"https:\/\/radiocresatelital.com\/?p=13206","title":{"rendered":"C\u00e1mara de Comercio de Guayaquil va por el SI en la Consulta Popular"},"content":{"rendered":"<p>Guayaquil.- Las preguntas de la pr\u00f3xima Consulta Popular persiguen un fin leg\u00edtimo, estan enfocadas en seguridad, inversi\u00f3n y empleo, Estos tres aspectos deben de obligarnos a todos a pensar primero en el pa\u00eds, dijo el Presidente de la C\u00e1mara de Comercio de Guayaquil, Miguel Angel Goonz\u00e1lez, en un mensaje dirigido a la comunidad.<\/p>\n<p>Gonz\u00e1lez, quien lider\u00f3 una demanda contra el gobierno con respecto al aumento del IVA, aclar\u00f3 que el apoyo empresarial a la Consulta Popular es necesario para solucionar algunos de los m\u00e1s importantes problemas del pa\u00eds. \u00abNo se trata de simpat\u00edas o antipat\u00edas contra el gobierno sino de apoyar lo conveniente para todos, independientemente de quien lo proponga.\u00a0 El futuro de Ecuador no debe depender de emociones, hay que resolver y avanzar\u00bb.<\/p>\n<p>Desde la C\u00e1mara de Comercio de Guayaquil, apoyamos un Si en cada una de las preguntas, as\u00ed podremos ayudar en la lucha contra la violencia, la impunidad y la falta de empleo, no son soluciones m\u00e1gicas, pero s\u00ed permiten al pa\u00eds avanzar. Vivimos tiempos complejos es momento de estar unidos por la seguridad, la inversi\u00f3n y el empleo.<\/p>\n<p><a href=\"https:\/\/x.com\/mireyapazminoa\/status\/1780994947518251209\">https:\/\/x.com\/mireyapazminoa\/status\/1780994947518251209<\/a><\/p>\n<p>&nbsp;<\/p>\n","protected":false},"excerpt":{"rendered":"<p>Guayaquil.- Las preguntas de la pr\u00f3xima Consulta Popular persiguen un fin leg\u00edtimo, estan enfocadas en seguridad, inversi\u00f3n y empleo, Estos tres aspectos deben de obligarnos a todos a pensar primero en el pa\u00eds, dijo el Presidente de la C\u00e1mara de Comercio de Guayaquil, Miguel Angel Goonz\u00e1lez, en un mensaje dirigido a la comunidad. Gonz\u00e1lez, quien [&hellip;]<\/p>\n","protected":false},"author":3,"featured_media":13207,"comment_status":"open","ping_status":"closed","sticky":false,"template":"","format":"standard","meta":{"_jetpack_memberships_contains_paid_content":false,"footnotes":""},"categories":[13],"tags":[],"class_list":["post-13206","post","type-post","status-publish","format-standard","has-post-thumbnail","hentry","category-noticias-nacionales"],"jetpack_featured_media_url":"https:\/\/radiocresatelital.com\/wp-content\/uploads\/2024\/04\/miguel-angel-gonzalez.jpg","jetpack_sharing_enabled":true,"_links":{"self":[{"href":"https:\/\/radiocresatelital.com\/index.php?rest_route=\/wp\/v2\/posts\/13206","targetHints":{"allow":["GET"]}}],"collection":[{"href":"https:\/\/radiocresatelital.com\/index.php?rest_route=\/wp\/v2\/posts"}],"about":[{"href":"https:\/\/radiocresatelital.com\/index.php?rest_route=\/wp\/v2\/types\/post"}],"author":[{"embeddable":true,"href":"https:\/\/radiocresatelital.com\/index.php?rest_route=\/wp\/v2\/users\/3"}],"replies":[{"embeddable":true,"href":"https:\/\/radiocresatelital.com\/index.php?rest_route=%2Fwp%2Fv2%2Fcomments&post=13206"}],"version-history":[{"count":1,"href":"https:\/\/radiocresatelital.com\/index.php?rest_route=\/wp\/v2\/posts\/13206\/revisions"}],"predecessor-version":[{"id":13208,"href":"https:\/\/radiocresatelital.com\/index.php?rest_route=\/wp\/v2\/posts\/13206\/revisions\/13208"}],"wp:featuredmedia":[{"embeddable":true,"href":"https:\/\/radiocresatelital.com\/index.php?rest_route=\/wp\/v2\/media\/13207"}],"wp:attachment":[{"href":"https:\/\/radiocresatelital.com\/index.php?rest_route=%2Fwp%2Fv2%2Fmedia&parent=13206"}],"wp:term":[{"taxonomy":"category","embeddable":true,"href":"https:\/\/radiocresatelital.com\/index.php?rest_route=%2Fwp%2Fv2%2Fcategories&post=13206"},{"taxonomy":"post_tag","embeddable":true,"href":"https:\/\/radiocresatelital.com\/index.php?rest_route=%2Fwp%2Fv2%2Ftags&post=13206"}],"curies":[{"name":"wp","href":"https:\/\/api.w.org\/{rel}","templated":true}]}}