{"id":13184,"date":"2024-04-17T22:23:00","date_gmt":"2024-04-17T22:23:00","guid":{"rendered":"https:\/\/radiocresatelital.com\/?p=13184"},"modified":"2024-04-17T22:23:00","modified_gmt":"2024-04-17T22:23:00","slug":"gobernador-del-guayas-lidera-reunion-estrategica-para-un-retorno-escolar-seguro-y-organizado","status":"publish","type":"post","link":"https:\/\/radiocresatelital.com\/?p=13184","title":{"rendered":"Gobernador del Guayas lidera reuni\u00f3n estrat\u00e9gica para un retorno escolar seguro y organizado"},"content":{"rendered":"<p>Guayaquil.- El Gobernador Alberto Molina encabez\u00f3 una reuni\u00f3n de trabajo crucial con el objetivo de articular esfuerzos y garantizar un retorno seguro a clases durante el periodo lectivo 2024-2025 en la provincia del Guayas. Entre las decisiones se defini\u00f3 la presencia de servidores policiales y agentes de tr\u00e1nsito en los centros de estudios m\u00e1s conflictivos.<\/p>\n<p>La sesi\u00f3n cont\u00f3 con la participaci\u00f3n del Jefe de Operaciones de Polic\u00eda de la Subzona Guayas, Luis Escobar, la Subsecretaria de Educaci\u00f3n, Daniela Febres Cordero, la Subzona 5 de Educaci\u00f3n, la Comisi\u00f3n de Tr\u00e1nsito del Ecuador y representantes de la ATD.<\/p>\n<p>La reuni\u00f3n permiti\u00f3 a las autoridades definir acciones claves como: Seguridad Integral: La Polic\u00eda Nacional y la comunidad educativa se unen para asegurar un entorno seguro en los exteriores de los centros de estudio con la presencia de servidores policiales a la entrada y salida de las jornadas de estudio. \u201cTodos somos responsables de proteger a nuestros estudiantes y<br \/>\ndocentes\u201d, afirm\u00f3 el Jefe de Operaciones, Luis Escobar.<\/p>\n<p>Coordinaci\u00f3n Interinstitucional: El gobernador Molina hizo un llamado a la comunidad en general para participar activamente en el plan de seguridad. \u201cEstamos unidos con un solo objetivo, la seguridad e integridad de nuestros ni\u00f1os, ni\u00f1as y adolescentes, nuestra prioridad\u201d indic\u00f3 el representante de El Ejecutivo.<\/p>\n<p>Plan Operativo de Seguridad Vial: La Comisi\u00f3n de Tr\u00e1nsito del Ecuador, junto con la ATM y la ATD, ha desarrollado un plan integral que incluye capacitaciones para los estudiantes en temas de seguridad vial. La permanencia de agentes de tr\u00e1nsito tambi\u00e9n est\u00e1 definida.<\/p>\n<p>Mesas T\u00e9cnicas Permanentes: Se anunci\u00f3 la activaci\u00f3n de mesas t\u00e9cnicas para fortalecer la seguridad e integridad de las instituciones educativas priorizadas. La intervenci\u00f3n ser\u00e1 coordinada y abarcar\u00e1 todos los aspectos necesarios.<\/p>\n<p>Georreferenciaci\u00f3n y An\u00e1lisis: El Teniente Coronel de Polic\u00eda, Luis Eduardo Escobar Chumo, responsable de la Subzona Guayas, indic\u00f3 que se ha realizado un mapeado y an\u00e1lisis de las instituciones educativas, identificando \u00e1reas con problem\u00e1ticas y posibles situaciones de riesgo.<\/p>\n<p>En resumen, esta reuni\u00f3n marca un paso significativo hacia un retorno exitoso al aula. La colaboraci\u00f3n entre las entidades gubernamentales y la comunidad educativa es fundamental para el bienestar de nuestros estudiantes y docentes.<\/p>\n<p>El Gobernador Molina reafirma su compromiso con la seguridad y el futuro educativo de la provincia del Guayas.<\/p>\n","protected":false},"excerpt":{"rendered":"<p>Guayaquil.- El Gobernador Alberto Molina encabez\u00f3 una reuni\u00f3n de trabajo crucial con el objetivo de articular esfuerzos y garantizar un retorno seguro a clases durante el periodo lectivo 2024-2025 en la provincia del Guayas. Entre las decisiones se defini\u00f3 la presencia de servidores policiales y agentes de tr\u00e1nsito en los centros de estudios m\u00e1s conflictivos. [&hellip;]<\/p>\n","protected":false},"author":2,"featured_media":13185,"comment_status":"open","ping_status":"closed","sticky":false,"template":"","format":"standard","meta":{"_jetpack_memberships_contains_paid_content":false,"footnotes":""},"categories":[13],"tags":[1820,964],"class_list":["post-13184","post","type-post","status-publish","format-standard","has-post-thumbnail","hentry","category-noticias-nacionales","tag-alberto-molina","tag-gobernacion-del-guayas"],"jetpack_featured_media_url":"https:\/\/radiocresatelital.com\/wp-content\/uploads\/2024\/04\/be133b9f-6ca7-4834-b505-5bd9ec4c53d4.jpeg","jetpack_sharing_enabled":true,"_links":{"self":[{"href":"https:\/\/radiocresatelital.com\/index.php?rest_route=\/wp\/v2\/posts\/13184","targetHints":{"allow":["GET"]}}],"collection":[{"href":"https:\/\/radiocresatelital.com\/index.php?rest_route=\/wp\/v2\/posts"}],"about":[{"href":"https:\/\/radiocresatelital.com\/index.php?rest_route=\/wp\/v2\/types\/post"}],"author":[{"embeddable":true,"href":"https:\/\/radiocresatelital.com\/index.php?rest_route=\/wp\/v2\/users\/2"}],"replies":[{"embeddable":true,"href":"https:\/\/radiocresatelital.com\/index.php?rest_route=%2Fwp%2Fv2%2Fcomments&post=13184"}],"version-history":[{"count":1,"href":"https:\/\/radiocresatelital.com\/index.php?rest_route=\/wp\/v2\/posts\/13184\/revisions"}],"predecessor-version":[{"id":13186,"href":"https:\/\/radiocresatelital.com\/index.php?rest_route=\/wp\/v2\/posts\/13184\/revisions\/13186"}],"wp:featuredmedia":[{"embeddable":true,"href":"https:\/\/radiocresatelital.com\/index.php?rest_route=\/wp\/v2\/media\/13185"}],"wp:attachment":[{"href":"https:\/\/radiocresatelital.com\/index.php?rest_route=%2Fwp%2Fv2%2Fmedia&parent=13184"}],"wp:term":[{"taxonomy":"category","embeddable":true,"href":"https:\/\/radiocresatelital.com\/index.php?rest_route=%2Fwp%2Fv2%2Fcategories&post=13184"},{"taxonomy":"post_tag","embeddable":true,"href":"https:\/\/radiocresatelital.com\/index.php?rest_route=%2Fwp%2Fv2%2Ftags&post=13184"}],"curies":[{"name":"wp","href":"https:\/\/api.w.org\/{rel}","templated":true}]}}