{"id":13170,"date":"2024-04-18T16:26:46","date_gmt":"2024-04-18T16:26:46","guid":{"rendered":"https:\/\/radiocresatelital.com\/?p=13170"},"modified":"2024-04-18T16:26:46","modified_gmt":"2024-04-18T16:26:46","slug":"izurieta-despues-de-denunciar-a-los-22-funcionarios-de-energia-se-determinara-si-no-informaron-a-tiempo-o-abrieron-compuertas-de-las-represas","status":"publish","type":"post","link":"https:\/\/radiocresatelital.com\/?p=13170","title":{"rendered":"Izurieta: Despu\u00e9s de denunciar a los 22 funcionarios de Energ\u00eda, se determinar\u00e1 si no informaron a tiempo o abrieron compuertas de las represas"},"content":{"rendered":"<p>Quito.- El Miistro de Comunicaci\u00f3n, Roberto Izurieta, dijo que el saneamiento y denuncia en laFiscal\u00eda de los 22 funcionarios del Ministerio de Energ\u00eda y Minas, inclu\u00edda la ex Ministra Andrea Arrobo, debe dislucidar si la responsabilidad ante \u00e9stos hechos es por la falta de informes a tiempo sobre la crisis que se avecinaba o ,si efectivamente, hubo un sabotaje de otra dimensi\u00f3n, al abrir las compuertas para que el agua se vaya y se vac\u00ede la represa de Mazar, seg\u00fan lo explic\u00f3 en Teleamazonas.<\/p>\n<p>Izurieta, manifest\u00f3 que definitivamente lo que se puede confirmar es que s\u00ed hubo actos mal intencionados, lo cual se pudo comprobar luego de que \u00abse tomaran el ministerio de energ\u00eda\u00bb para recaudar informaci\u00f3n, a fin de buscar soluciones, ante una situaci\u00f3n que ha sido provocada como estrategia para afectar la Consulta Popular.<\/p>\n<p>Finalmente, reconfirm\u00f3 que la situaci\u00f3n en el sector el\u00e9ctrico es sumamente grave por lo mencionado anteriormente, por el dise\u00f1o defectuoso del sistema y por otros problemas como la Central Hidroel\u00e9ctrica Coca Codo Sinclair, que tiene decenas de miles de fisuras y por lo tanto no puede generar la capacidad que se esperaba de ella.<\/p>\n<p>&nbsp;<\/p>\n<p>&nbsp;<\/p>\n<p>&nbsp;<\/p>\n","protected":false},"excerpt":{"rendered":"<p>Quito.- El Miistro de Comunicaci\u00f3n, Roberto Izurieta, dijo que el saneamiento y denuncia en laFiscal\u00eda de los 22 funcionarios del Ministerio de Energ\u00eda y Minas, inclu\u00edda la ex Ministra Andrea Arrobo, debe dislucidar si la responsabilidad ante \u00e9stos hechos es por la falta de informes a tiempo sobre la crisis que se avecinaba o ,si [&hellip;]<\/p>\n","protected":false},"author":3,"featured_media":13204,"comment_status":"open","ping_status":"closed","sticky":false,"template":"","format":"standard","meta":{"_jetpack_memberships_contains_paid_content":false,"footnotes":""},"categories":[13],"tags":[],"class_list":["post-13170","post","type-post","status-publish","format-standard","has-post-thumbnail","hentry","category-noticias-nacionales"],"jetpack_featured_media_url":"https:\/\/radiocresatelital.com\/wp-content\/uploads\/2024\/04\/roberto-izurieta.jpeg","jetpack_sharing_enabled":true,"_links":{"self":[{"href":"https:\/\/radiocresatelital.com\/index.php?rest_route=\/wp\/v2\/posts\/13170","targetHints":{"allow":["GET"]}}],"collection":[{"href":"https:\/\/radiocresatelital.com\/index.php?rest_route=\/wp\/v2\/posts"}],"about":[{"href":"https:\/\/radiocresatelital.com\/index.php?rest_route=\/wp\/v2\/types\/post"}],"author":[{"embeddable":true,"href":"https:\/\/radiocresatelital.com\/index.php?rest_route=\/wp\/v2\/users\/3"}],"replies":[{"embeddable":true,"href":"https:\/\/radiocresatelital.com\/index.php?rest_route=%2Fwp%2Fv2%2Fcomments&post=13170"}],"version-history":[{"count":1,"href":"https:\/\/radiocresatelital.com\/index.php?rest_route=\/wp\/v2\/posts\/13170\/revisions"}],"predecessor-version":[{"id":13205,"href":"https:\/\/radiocresatelital.com\/index.php?rest_route=\/wp\/v2\/posts\/13170\/revisions\/13205"}],"wp:featuredmedia":[{"embeddable":true,"href":"https:\/\/radiocresatelital.com\/index.php?rest_route=\/wp\/v2\/media\/13204"}],"wp:attachment":[{"href":"https:\/\/radiocresatelital.com\/index.php?rest_route=%2Fwp%2Fv2%2Fmedia&parent=13170"}],"wp:term":[{"taxonomy":"category","embeddable":true,"href":"https:\/\/radiocresatelital.com\/index.php?rest_route=%2Fwp%2Fv2%2Fcategories&post=13170"},{"taxonomy":"post_tag","embeddable":true,"href":"https:\/\/radiocresatelital.com\/index.php?rest_route=%2Fwp%2Fv2%2Ftags&post=13170"}],"curies":[{"name":"wp","href":"https:\/\/api.w.org\/{rel}","templated":true}]}}