{"id":13068,"date":"2024-04-15T20:53:35","date_gmt":"2024-04-15T20:53:35","guid":{"rendered":"https:\/\/radiocresatelital.com\/?p=13068"},"modified":"2024-04-15T20:53:35","modified_gmt":"2024-04-15T20:53:35","slug":"nuevo-ecuador-transforma-espacios-abandonados-en-lugares-de-integracion-y-desarrollo-comunitario","status":"publish","type":"post","link":"https:\/\/radiocresatelital.com\/?p=13068","title":{"rendered":"Nuevo Ecuador transforma espacios abandonados en lugares de integraci\u00f3n y desarrollo comunitario"},"content":{"rendered":"<p>Guayaquil.- La agenda de trabajo del presidente de la Rep\u00fablica, Daniel Noboa Azin, empez\u00f3 con entrega de nuevos espacios dedicados al bienestar y servicio de los ciudadanos. Este lunes 15 de abril, el Jefe de Estado inaugur\u00f3 el espacio integral familiar \u00b4El Astillero\u00b4, donde las distintas carteras del Gabinete Sectorial Social ofrecer\u00e1n atenci\u00f3n en: salud, educaci\u00f3n, nutrici\u00f3n y bienestar, garantizando as\u00ed el acceso a oportunidades de desarrollo.<\/p>\n<p>En su visita, el Mandatario recorri\u00f3 las instalaciones de este nuevo lugar de integraci\u00f3n comunitaria que beneficiar\u00e1 a aproximadamente 135.000 personas, entre usuarios directos de los programas MIES y habitantes de la parroquia Febres Cordero, Ximena y Centro de Guayaquil.<\/p>\n<p>\u201cDebemos recuperar los espacios p\u00fablicos, las calles, los parques y nuestros barrios para poder disfrutarlos en familia y para poder movilizarnos en seguridad. Sin seguridad no hay espacios seguros, por eso, nuestra meta en la consulta es tener espacios seguros\u201d, declar\u00f3 el Jefe de Estado.<\/p>\n<p>La rehabilitaci\u00f3n de esta infraestructura p\u00fablica cont\u00f3 con una inversi\u00f3n de casi USD 74.000 con el prop\u00f3sito de fortalecer el tejido social y mejorar la calidad de vida de la localidad. All\u00ed, los ciudadanos contar\u00e1n con \u00e1reas destinadas para talleres de costura, computaci\u00f3n y de cocina, balc\u00f3n de servicios del MIES, cancha deportiva, sal\u00f3n de danza, un espacio l\u00fadico para ni\u00f1os y ni\u00f1as, entre otros.<\/p>\n<p>Al respecto, la ministra de Inclusi\u00f3n Econ\u00f3mica y Social, Zaida Rovira, agreg\u00f3 que, en l\u00ednea con la disposici\u00f3n del Primer Mandatario de brindar atenci\u00f3n prioritaria a los m\u00e1s vulnerables \u201cestamos generando un piso de protecci\u00f3n de derechos como pol\u00edtica social central\u201d, la cual integra dos estrategias: acercar los servicios a la ciudadan\u00eda y aglutinarlos en lugares integrales para que la protecci\u00f3n sea en todo el ciclo de vida.<\/p>\n<p>Rebeca Cotapo, una de las moradoras de la zona, agradeci\u00f3 la habilitaci\u00f3n de esta \u00e1rea, pues es un espacio que promueve el desarrollo productivo de los moradores y el sano esparcimiento de los j\u00f3venes..<\/p>\n<p>Del mismo modo, Jhony Mor\u00e1n, resalt\u00f3 el hecho de disponer de varios servicios en un solo lugar y el contar con la posibilidad de perfeccionar sus habilidades profesionales en \u00e1reas como panader\u00eda para insertarse en el campo laboral; \u201ccuente con nosotros, los j\u00f3venes para transformar el pa\u00eds y as\u00ed crear un nuevo Ecuador\u201d, indic\u00f3.<\/p>\n<p>Precisamente, el Presidente de la Rep\u00fablica afirm\u00f3 que esta obra es posible gracias a la voluntad pol\u00edtica de un gobierno que le apuesta al desarrollo de los ciudadanos. \u201cEl abandono de los nuestros espacios terminan siendo ocupados por los delincuentes\u201d, sostuvo, por ello, afirm\u00f3 que es una prioridad rehabilitarlos.<\/p>\n<p>\u201cEn el Nuevo Ecuador trabajamos para que la vida de ustedes, su tiempo de descanso, tambi\u00e9n cuente con todas las posibilidades para disfrutarlo, para divertirse y pasarla bien\u201d, dijo, al tiempo que record\u00f3 que como parte del trabajo y compromiso de su administraci\u00f3n se seguir\u00e1 apoyando a las fuerzas del orden para para que cumplan con su deber constitucional de velar la seguridad ciudadana.<\/p>\n<p>En esta l\u00ednea, el Presidente reflexion\u00f3 sobre la importancia de apoyar a la transformaci\u00f3n del pa\u00eds, especialmente frente a la inseguridad, por medio un voto consciente en la consulta popular del 21 de abril. \u201cEl voto es su arma\u201d, insisti\u00f3.<\/p>\n","protected":false},"excerpt":{"rendered":"<p>Guayaquil.- La agenda de trabajo del presidente de la Rep\u00fablica, Daniel Noboa Azin, empez\u00f3 con entrega de nuevos espacios dedicados al bienestar y servicio de los ciudadanos. Este lunes 15 de abril, el Jefe de Estado inaugur\u00f3 el espacio integral familiar \u00b4El Astillero\u00b4, donde las distintas carteras del Gabinete Sectorial Social ofrecer\u00e1n atenci\u00f3n en: salud, [&hellip;]<\/p>\n","protected":false},"author":2,"featured_media":13069,"comment_status":"open","ping_status":"closed","sticky":false,"template":"","format":"standard","meta":{"_jetpack_memberships_contains_paid_content":false,"footnotes":""},"categories":[13],"tags":[1322],"class_list":["post-13068","post","type-post","status-publish","format-standard","has-post-thumbnail","hentry","category-noticias-nacionales","tag-presidente-daniel-noboa"],"jetpack_featured_media_url":"https:\/\/radiocresatelital.com\/wp-content\/uploads\/2024\/04\/53655435932_249f951fc0_c.jpg","jetpack_sharing_enabled":true,"_links":{"self":[{"href":"https:\/\/radiocresatelital.com\/index.php?rest_route=\/wp\/v2\/posts\/13068","targetHints":{"allow":["GET"]}}],"collection":[{"href":"https:\/\/radiocresatelital.com\/index.php?rest_route=\/wp\/v2\/posts"}],"about":[{"href":"https:\/\/radiocresatelital.com\/index.php?rest_route=\/wp\/v2\/types\/post"}],"author":[{"embeddable":true,"href":"https:\/\/radiocresatelital.com\/index.php?rest_route=\/wp\/v2\/users\/2"}],"replies":[{"embeddable":true,"href":"https:\/\/radiocresatelital.com\/index.php?rest_route=%2Fwp%2Fv2%2Fcomments&post=13068"}],"version-history":[{"count":1,"href":"https:\/\/radiocresatelital.com\/index.php?rest_route=\/wp\/v2\/posts\/13068\/revisions"}],"predecessor-version":[{"id":13070,"href":"https:\/\/radiocresatelital.com\/index.php?rest_route=\/wp\/v2\/posts\/13068\/revisions\/13070"}],"wp:featuredmedia":[{"embeddable":true,"href":"https:\/\/radiocresatelital.com\/index.php?rest_route=\/wp\/v2\/media\/13069"}],"wp:attachment":[{"href":"https:\/\/radiocresatelital.com\/index.php?rest_route=%2Fwp%2Fv2%2Fmedia&parent=13068"}],"wp:term":[{"taxonomy":"category","embeddable":true,"href":"https:\/\/radiocresatelital.com\/index.php?rest_route=%2Fwp%2Fv2%2Fcategories&post=13068"},{"taxonomy":"post_tag","embeddable":true,"href":"https:\/\/radiocresatelital.com\/index.php?rest_route=%2Fwp%2Fv2%2Ftags&post=13068"}],"curies":[{"name":"wp","href":"https:\/\/api.w.org\/{rel}","templated":true}]}}