{"id":13065,"date":"2024-04-15T20:48:24","date_gmt":"2024-04-15T20:48:24","guid":{"rendered":"https:\/\/radiocresatelital.com\/?p=13065"},"modified":"2024-04-15T20:48:24","modified_gmt":"2024-04-15T20:48:24","slug":"presidente-daniel-noboa-entrego-250-becas-para-educacion-superior-y-capacitaciones","status":"publish","type":"post","link":"https:\/\/radiocresatelital.com\/?p=13065","title":{"rendered":"Presidente Daniel Noboa entreg\u00f3 250 becas para educaci\u00f3n superior y capacitaciones"},"content":{"rendered":"<p>Guayaquil.- Un total de 250 personas recibieron esta ma\u00f1ana, 15 de abril de 2024, las becas otorgadas por el programa \u201cGlobo Com\u00fan\u201d a cargo de la Secretar\u00eda de Educaci\u00f3n Superior, Ciencia, Tecnolog\u00eda e Innovaci\u00f3n (Senescyt). El presidente de la Rep\u00fablica, Daniel Noboa Azin, desde el Instituto Superior Tecnol\u00f3gico Guayaquil se dirigi\u00f3 a las beneficiarias y beneficiarios: \u201cUstedes representan a la nueva generaci\u00f3n que est\u00e1 abierta al mundo y que se prepara para competir en igualdad de condiciones\u201d.<\/p>\n<p>En ese sentido, mediante la Senescyt, el Jefe de Estado lider\u00f3 la entrega de nueve subvenciones para estudios de tercer nivel; 100 a estudios de tercer nivel t\u00e9cnico y tecnol\u00f3gico; 128 becas para estudios de cuarto nivel y 13 becas para capacitaci\u00f3n.<\/p>\n<p>Estas ayudas son gestionadas con el apoyo de la Universidad Europea, Fundaci\u00f3n Universitaria Iberoamericana-FUNIBER, Universidad de Investigaci\u00f3n e Innovaci\u00f3n de M\u00e9xico \u2013 UIIX, Universitat Oberta de Catalunya-UOC, Instituto Superior Tecnol\u00f3gico Consulting Group Ecuador y el gobierno de China.<\/p>\n<p>Las becas del programa \u201cGlobo Com\u00fan\u201d est\u00e1n cubiertas con fondos de cooperantes internacionales provenientes de varios pa\u00edses como India, Chile, China, Tailandia, Malasia, Israel, Espa\u00f1a, Rumania, Jap\u00f3n, Inglaterra, Colombia, Singapur o la<br \/>\nOrganizaci\u00f3n de Estados Americanos (OEA).<\/p>\n<p>El Jefe de Estado mencion\u00f3 que es importante trabajar en la formaci\u00f3n profesional de los j\u00f3venes, ya que con ellos se genera empleo y se fortalece la seguridad ciudadana: \u201cNuestro compromiso es prepararlos para que sean competitivos a nivel mundial\u201d, expres\u00f3. Por eso, el Gobierno Nacional tiene la meta de al menos entregar este a\u00f1o \u201c100.000 becas\u201d.<\/p>\n<p>Para el secretario (e) de la Senescyt, C\u00e9sar V\u00e1zquez, el Nuevo Ecuador requiere de un cambio a trav\u00e9s de la educaci\u00f3n. La entrega de este nuevo paquete de becas de tercer y cuarto nivel, y cursos de especializaciones materializa un proyecto que se encamina hacia oportunidades para los j\u00f3venes, con el prop\u00f3sito de mejorar su calidad de vida.<\/p>\n<p>Jonathan Sol\u00f3rzano es uno de los beneficiarios del programa \u201cGlobo Com\u00fan\u201d. \u00c9l cursar\u00e1 una Maestr\u00eda en Administraci\u00f3n de Empresas en una universidad de Madrid (Espa\u00f1a). Esta ma\u00f1ana se\u00f1al\u00f3 que \u201ccree en las oportunidades que nacen de la dedicaci\u00f3n, trabajo y actitud\u201d. Por ello, agradeci\u00f3 la gesti\u00f3n del presidente Noboa, pues es una oportunidad para cristalizar sue\u00f1os y metas profesionales.<\/p>\n<p>En respuesta, el Mandatario asegur\u00f3 que quienes se marchan del pa\u00eds para especializarse, el Ecuador los espera con los brazos abiertos en su retorno para que \u201ccon sus nuevos conocimientos, vengan a hacer su parte, porque ustedes son el<br \/>\nNuevo Ecuador que estamos forjando\u201d.<\/p>\n<p>Al finalizar el acto, el presidente Noboa -en materia de seguridad- reiter\u00f3 que las organizaciones criminales y la corrupci\u00f3n tratan de \u201cponer obst\u00e1culos\u201d, por lo que la mejor arma es el voto que se impulsa en la Consulta Popular: \u201cEs importante la<br \/>\nparticipaci\u00f3n de los j\u00f3venes; tu voto es el arma para crear un mejor futuro.<\/p>\n<p>Tenemos que limpiar al pa\u00eds de las mafias, del narcoterrorismo y sus c\u00f3mplices\u201d<\/p>\n","protected":false},"excerpt":{"rendered":"<p>Guayaquil.- Un total de 250 personas recibieron esta ma\u00f1ana, 15 de abril de 2024, las becas otorgadas por el programa \u201cGlobo Com\u00fan\u201d a cargo de la Secretar\u00eda de Educaci\u00f3n Superior, Ciencia, Tecnolog\u00eda e Innovaci\u00f3n (Senescyt). El presidente de la Rep\u00fablica, Daniel Noboa Azin, desde el Instituto Superior Tecnol\u00f3gico Guayaquil se dirigi\u00f3 a las beneficiarias y [&hellip;]<\/p>\n","protected":false},"author":2,"featured_media":13066,"comment_status":"open","ping_status":"closed","sticky":false,"template":"","format":"standard","meta":{"_jetpack_memberships_contains_paid_content":false,"footnotes":""},"categories":[13],"tags":[1322],"class_list":["post-13065","post","type-post","status-publish","format-standard","has-post-thumbnail","hentry","category-noticias-nacionales","tag-presidente-daniel-noboa"],"jetpack_featured_media_url":"https:\/\/radiocresatelital.com\/wp-content\/uploads\/2024\/04\/53656695934_0be4e5308c_c.jpg","jetpack_sharing_enabled":true,"_links":{"self":[{"href":"https:\/\/radiocresatelital.com\/index.php?rest_route=\/wp\/v2\/posts\/13065","targetHints":{"allow":["GET"]}}],"collection":[{"href":"https:\/\/radiocresatelital.com\/index.php?rest_route=\/wp\/v2\/posts"}],"about":[{"href":"https:\/\/radiocresatelital.com\/index.php?rest_route=\/wp\/v2\/types\/post"}],"author":[{"embeddable":true,"href":"https:\/\/radiocresatelital.com\/index.php?rest_route=\/wp\/v2\/users\/2"}],"replies":[{"embeddable":true,"href":"https:\/\/radiocresatelital.com\/index.php?rest_route=%2Fwp%2Fv2%2Fcomments&post=13065"}],"version-history":[{"count":1,"href":"https:\/\/radiocresatelital.com\/index.php?rest_route=\/wp\/v2\/posts\/13065\/revisions"}],"predecessor-version":[{"id":13067,"href":"https:\/\/radiocresatelital.com\/index.php?rest_route=\/wp\/v2\/posts\/13065\/revisions\/13067"}],"wp:featuredmedia":[{"embeddable":true,"href":"https:\/\/radiocresatelital.com\/index.php?rest_route=\/wp\/v2\/media\/13066"}],"wp:attachment":[{"href":"https:\/\/radiocresatelital.com\/index.php?rest_route=%2Fwp%2Fv2%2Fmedia&parent=13065"}],"wp:term":[{"taxonomy":"category","embeddable":true,"href":"https:\/\/radiocresatelital.com\/index.php?rest_route=%2Fwp%2Fv2%2Fcategories&post=13065"},{"taxonomy":"post_tag","embeddable":true,"href":"https:\/\/radiocresatelital.com\/index.php?rest_route=%2Fwp%2Fv2%2Ftags&post=13065"}],"curies":[{"name":"wp","href":"https:\/\/api.w.org\/{rel}","templated":true}]}}