{"id":13046,"date":"2024-04-13T20:29:49","date_gmt":"2024-04-13T20:29:49","guid":{"rendered":"https:\/\/radiocresatelital.com\/?p=13046"},"modified":"2024-04-13T21:31:14","modified_gmt":"2024-04-13T21:31:14","slug":"un-total-de-30-empresas-e-instituciones-privadas-y-publicas-se-suman-a-la-red-de-beneficios-para-docentes-y-profesionales-de-la-educacion","status":"publish","type":"post","link":"https:\/\/radiocresatelital.com\/?p=13046","title":{"rendered":"Un total de 30 empresas e instituciones privadas y p\u00fablicas se suman a la Red de Beneficios para Docentes y Profesionales de la Educaci\u00f3n"},"content":{"rendered":"<p>Quito.- Con el prop\u00f3sito de conformar la Red de Beneficios para Docentes y Profesionales de la Educaci\u00f3n se desarroll\u00f3 el \u00abDi\u00e1logo con Aliados Estrat\u00e9gicos por la Corresponsabilidad Social\u00bb.\u00a0 Lider\u00f3 el encuentro el ministro de Educaci\u00f3n, Daniel Calder\u00f3n. Participaron representantes de m\u00e1s de 30 empresas e instituciones privadas y p\u00fablicas.<\/p>\n<p>Esta iniciativa se enmarca en el mes de la revalorizaci\u00f3n docente, que tiene como objetivo fortalecer alianzas estrat\u00e9gicas para impulsar el reconocimiento a los docentes por parte de la sociedad civil con beneficios en capacitaci\u00f3n, alimentaci\u00f3n, ferreter\u00eda, medicinas, hogar y entretenimiento.<\/p>\n<p>En este espacio, el Ministro destac\u00f3 la necesidad de unir esfuerzos para revalorizar la carrera docente, reconociendo el rol de los educadores. \u201cIndiscutiblemente el Nuevo Ecuador se construye con educaci\u00f3n. Se construye con maestros mejor reconocidos, con empresas y aliados amigos de la educaci\u00f3n, capaces de transformar la sociedad\u201d, dijo el titular del Mineduc.<\/p>\n<p>Rub\u00e9n Salazar, gerente corporativo de Corporaci\u00f3n Favorita, invit\u00f3 a otras empresas e instituciones a sumarse a este esfuerzo. \u00abHemos venido trabajando desde Fundaci\u00f3n Favorita para fortalecer la red de escuelas y colegios en el pa\u00eds. Queremos promover las capacidades de los docentes para transformar la educaci\u00f3n. Esta experiencia ha sido muy positiva. Queremos que cuenten siempre con nosotros, seguiremos buscando nuevas alternativas para apoyar, para sacar adelante al Ecuador de la mano de ustedes\u00bb, indic\u00f3.<\/p>\n<p>Por su parte, Michelle Tapia, coordinadora de relaciones comerciales de la Universidad Europea, dijo que esta es una oportunidad de mantener el compromiso como parte del sector privado en el \u00e1mbito educativo, el cual es fundamental para revalorizar a los docentes. \u201cComo universidad, nuestra responsabilidad es garantizar la calidad y la innovaci\u00f3n dentro de nuestra instituci\u00f3n\u201d, agreg\u00f3.<\/p>\n<p>La Red de Beneficios Docentes y Profesionales de la Educaci\u00f3n brinda a los maestros la oportunidad de acceder a descuentos y promociones en una amplia variedad de servicios, que incluye, entre otros, cadenas de supermercados, farmacias, educaci\u00f3n, ferreter\u00eda, hogar, alimentaci\u00f3n y entretenimiento.<\/p>\n<p>Integran la red Corporaci\u00f3n Favorita (Supermaxi y Ak\u00ed), Chefarina, Coral Hipermercados, Supermercados Santa Mar\u00eda, Edesa, Empresa P\u00fablica Metropolitana Metro de Quito, Universidad Andina Sim\u00f3n Bol\u00edvar, Universidad de los Hemisferios, Universidad Tecnol\u00f3gica Equinoccial, Universidad Europea, Universidad de las Am\u00e9ricas, UNIR, Teclemas, DILIPA, Multicines, Kiwy, Ecuasanitas, Cruz Roja, UNEMI, Montero, Universidad T\u00e9cnica Particular de Loja, Mr. Joy, Casio, Instituto T\u00e9cnico Superior Quito Metropolitano, Pintulac, Punto Net, T\u00eda.<\/p>\n<p>Para acceder a estos descuentos, los docentes y otros profesionales de la educaci\u00f3n deben obtener su carnet digital del Magisterio Fiscal, en la plataforma Soy Mineduc:\u00a0<a href=\"https:\/\/aplicaciones.educacion.gob.ec\/Carnetizacion\/login\" target=\"_blank\" rel=\"noopener\">https:\/\/aplicaciones.educacion.gob.ec\/Carnetizacion\/login<\/a>. Ingresar sus datos y descargarlo.<\/p>\n","protected":false},"excerpt":{"rendered":"<p>Quito.- Con el prop\u00f3sito de conformar la Red de Beneficios para Docentes y Profesionales de la Educaci\u00f3n se desarroll\u00f3 el \u00abDi\u00e1logo con Aliados Estrat\u00e9gicos por la Corresponsabilidad Social\u00bb.\u00a0 Lider\u00f3 el encuentro el ministro de Educaci\u00f3n, Daniel Calder\u00f3n. Participaron representantes de m\u00e1s de 30 empresas e instituciones privadas y p\u00fablicas. Esta iniciativa se enmarca en el [&hellip;]<\/p>\n","protected":false},"author":2,"featured_media":13047,"comment_status":"open","ping_status":"closed","sticky":false,"template":"","format":"standard","meta":{"_jetpack_memberships_contains_paid_content":false,"footnotes":""},"categories":[13],"tags":[444],"class_list":["post-13046","post","type-post","status-publish","format-standard","has-post-thumbnail","hentry","category-noticias-nacionales","tag-ministerio-de-educacion"],"jetpack_featured_media_url":"https:\/\/radiocresatelital.com\/wp-content\/uploads\/2024\/04\/carnetizacion-1.png","jetpack_sharing_enabled":true,"_links":{"self":[{"href":"https:\/\/radiocresatelital.com\/index.php?rest_route=\/wp\/v2\/posts\/13046","targetHints":{"allow":["GET"]}}],"collection":[{"href":"https:\/\/radiocresatelital.com\/index.php?rest_route=\/wp\/v2\/posts"}],"about":[{"href":"https:\/\/radiocresatelital.com\/index.php?rest_route=\/wp\/v2\/types\/post"}],"author":[{"embeddable":true,"href":"https:\/\/radiocresatelital.com\/index.php?rest_route=\/wp\/v2\/users\/2"}],"replies":[{"embeddable":true,"href":"https:\/\/radiocresatelital.com\/index.php?rest_route=%2Fwp%2Fv2%2Fcomments&post=13046"}],"version-history":[{"count":1,"href":"https:\/\/radiocresatelital.com\/index.php?rest_route=\/wp\/v2\/posts\/13046\/revisions"}],"predecessor-version":[{"id":13048,"href":"https:\/\/radiocresatelital.com\/index.php?rest_route=\/wp\/v2\/posts\/13046\/revisions\/13048"}],"wp:featuredmedia":[{"embeddable":true,"href":"https:\/\/radiocresatelital.com\/index.php?rest_route=\/wp\/v2\/media\/13047"}],"wp:attachment":[{"href":"https:\/\/radiocresatelital.com\/index.php?rest_route=%2Fwp%2Fv2%2Fmedia&parent=13046"}],"wp:term":[{"taxonomy":"category","embeddable":true,"href":"https:\/\/radiocresatelital.com\/index.php?rest_route=%2Fwp%2Fv2%2Fcategories&post=13046"},{"taxonomy":"post_tag","embeddable":true,"href":"https:\/\/radiocresatelital.com\/index.php?rest_route=%2Fwp%2Fv2%2Ftags&post=13046"}],"curies":[{"name":"wp","href":"https:\/\/api.w.org\/{rel}","templated":true}]}}