{"id":13043,"date":"2024-04-13T21:24:14","date_gmt":"2024-04-13T21:24:14","guid":{"rendered":"https:\/\/radiocresatelital.com\/?p=13043"},"modified":"2024-04-13T21:24:14","modified_gmt":"2024-04-13T21:24:14","slug":"el-ministerio-de-educacion-conmemora-el-dia-del-maestro-con-resultados-positivos","status":"publish","type":"post","link":"https:\/\/radiocresatelital.com\/?p=13043","title":{"rendered":"El Ministerio de Educaci\u00f3n conmemora el D\u00eda del Maestro con resultados positivos"},"content":{"rendered":"<p>Quito.- En #ElNuevoEcuador, entre 2023 y 2024, se han invertido USD 7.8 millones para mejorar la situaci\u00f3n laboral de los educadores. USD 4 millones en homologaci\u00f3n salarial; USD 425 mil en concursos de m\u00e9ritos y oposici\u00f3n; USD 120 mil en categorizaci\u00f3n; USD 1,5 millones en recategorizaci\u00f3n; USD 1,8 millones en docentes de instituciones educativas aperturadas.<\/p>\n<p>En el mes de abril, 172 maestros que ganaron el concurso de m\u00e9ritos y oposici\u00f3n recibieron su nombramiento definitivo, 106.823 docentes ya cuentan con un Plan de Capacitaci\u00f3n Personalizado a trav\u00e9s del Centro Digital MECAPACITO y 30 empresas e instituciones p\u00fablicas y privadas integran la Red de Beneficios para los Docentes.<\/p>\n<p>Este s\u00e1bado 13 de abril, D\u00eda del Maestro Ecuatoriano, en el mausoleo de Juan Montalvo, en representaci\u00f3n de los 164.635 docentes, Daniel Calder\u00f3n, ministro de Educaci\u00f3n y la comunidad educativa, entreg\u00f3 una ofrenda floral al m\u00e1ximo referente de los maestros e insigne escritor Juan Montalvo, en una sesi\u00f3n solemne.<\/p>\n<p>Posteriormente, en el coliseo de la Universidad T\u00e9cnica de Ambato, m\u00e1s de dos mil maestros participaron en un evento cultural en el que se entregaron nombramientos definitivos a los ganadores del concurso de m\u00e9ritos y oposici\u00f3n. Adem\u00e1s, se otorg\u00f3 a tres docentes el primer reconocimiento nacional \u201cBuenas pr\u00e1cticas innovadoras Juan Montalvo\u201d.<\/p>\n<p>Los docentes ganadores fueron: Marco Vinueza Bosada, de la Unidad Educativa del Milenio Alfredo Ra\u00fal Vera Vera, con el Proyecto Uso de la PLE en la Comunidad para el desarrollo de actividades innovadoras durante y postpandemia; Jorge Pe\u00f1a Guevara, de la U.E Seis de Octubre de El Oro, con el Proyecto Implementaci\u00f3n del aula del futuro para el Bachillerato T\u00e9cnico; y Eleana Escobar Bermeo, de la U.E Enrique Gi Gilbert de Guayaquil, con el proyecto Nuestro Rinc\u00f3n Ecol\u00f3gico en lo alto.<\/p>\n<p>En su intervenci\u00f3n, el ministro de Educaci\u00f3n, Daniel Calder\u00f3n, destac\u00f3 la labor que los docentes efect\u00faan d\u00eda a d\u00eda para brindar conocimientos a sus estudiantes. \u201cMis queridos maestros, queremos desearles un muy feliz d\u00eda y que lo celebremos con mucho entusiasmo, siempre recordando cu\u00e1l es el rol que tenemos en el Ecuador, en la sociedad, y que desde ese rol podamos cambiar a este mundo, por uno m\u00e1s justo, equitativo, solidario, digno y transformador\u00bb, dijo.<\/p>\n<p>Por su parte, Eleana Escobar Bermeo, en representaci\u00f3n de los maestros, expres\u00f3 su compromiso de seguir dedicando todo su esfuerzo y pasi\u00f3n a la noble tarea de educar. \u00abEste reconocimiento no es el final de un camino, sino m\u00e1s bien un impulso para seguir adelante, para seguir creciendo, aprendiendo y contribuyendo al desarrollo integral de nuestros estudiantes y de nuestra sociedad\u201d, asever\u00f3.<\/p>\n<p>Para finalizar este encuentro, en una feria ciudadana, los maestros tuvieron acceso a informaci\u00f3n sobre los ejes de trabajo de esta Cartera de Estado y a los beneficios de la carnetizaci\u00f3n docente que fortalece el sentido de identidad y pertenencia de los profesionales de la educaci\u00f3n del Magisterio Fiscal. Son 30 empresas privadas e instituciones p\u00fablicas que se suman a la corresponsabilidad por la educaci\u00f3n.<\/p>\n<p>Mediante estas acciones, el Mineduc trabaja en la mejora de la calidad de la educaci\u00f3n, a trav\u00e9s de capacitaciones y programas de revalorizaci\u00f3n docente, fortaleciendo la labor educativa y reconociendo el aporte invaluable de los educadores para la sociedad.<\/p>\n","protected":false},"excerpt":{"rendered":"<p>Quito.- En #ElNuevoEcuador, entre 2023 y 2024, se han invertido USD 7.8 millones para mejorar la situaci\u00f3n laboral de los educadores. USD 4 millones en homologaci\u00f3n salarial; USD 425 mil en concursos de m\u00e9ritos y oposici\u00f3n; USD 120 mil en categorizaci\u00f3n; USD 1,5 millones en recategorizaci\u00f3n; USD 1,8 millones en docentes de instituciones educativas aperturadas. [&hellip;]<\/p>\n","protected":false},"author":2,"featured_media":13044,"comment_status":"open","ping_status":"closed","sticky":false,"template":"","format":"standard","meta":{"_jetpack_memberships_contains_paid_content":false,"footnotes":""},"categories":[13],"tags":[444],"class_list":["post-13043","post","type-post","status-publish","format-standard","has-post-thumbnail","hentry","category-noticias-nacionales","tag-ministerio-de-educacion"],"jetpack_featured_media_url":"https:\/\/radiocresatelital.com\/wp-content\/uploads\/2024\/04\/dia-maestro.png","jetpack_sharing_enabled":true,"_links":{"self":[{"href":"https:\/\/radiocresatelital.com\/index.php?rest_route=\/wp\/v2\/posts\/13043","targetHints":{"allow":["GET"]}}],"collection":[{"href":"https:\/\/radiocresatelital.com\/index.php?rest_route=\/wp\/v2\/posts"}],"about":[{"href":"https:\/\/radiocresatelital.com\/index.php?rest_route=\/wp\/v2\/types\/post"}],"author":[{"embeddable":true,"href":"https:\/\/radiocresatelital.com\/index.php?rest_route=\/wp\/v2\/users\/2"}],"replies":[{"embeddable":true,"href":"https:\/\/radiocresatelital.com\/index.php?rest_route=%2Fwp%2Fv2%2Fcomments&post=13043"}],"version-history":[{"count":1,"href":"https:\/\/radiocresatelital.com\/index.php?rest_route=\/wp\/v2\/posts\/13043\/revisions"}],"predecessor-version":[{"id":13045,"href":"https:\/\/radiocresatelital.com\/index.php?rest_route=\/wp\/v2\/posts\/13043\/revisions\/13045"}],"wp:featuredmedia":[{"embeddable":true,"href":"https:\/\/radiocresatelital.com\/index.php?rest_route=\/wp\/v2\/media\/13044"}],"wp:attachment":[{"href":"https:\/\/radiocresatelital.com\/index.php?rest_route=%2Fwp%2Fv2%2Fmedia&parent=13043"}],"wp:term":[{"taxonomy":"category","embeddable":true,"href":"https:\/\/radiocresatelital.com\/index.php?rest_route=%2Fwp%2Fv2%2Fcategories&post=13043"},{"taxonomy":"post_tag","embeddable":true,"href":"https:\/\/radiocresatelital.com\/index.php?rest_route=%2Fwp%2Fv2%2Ftags&post=13043"}],"curies":[{"name":"wp","href":"https:\/\/api.w.org\/{rel}","templated":true}]}}