{"id":13033,"date":"2024-04-13T20:46:07","date_gmt":"2024-04-13T20:46:07","guid":{"rendered":"https:\/\/radiocresatelital.com\/?p=13033"},"modified":"2024-04-13T20:46:07","modified_gmt":"2024-04-13T20:46:07","slug":"lanzamiento-de-cluster-de-arroz","status":"publish","type":"post","link":"https:\/\/radiocresatelital.com\/?p=13033","title":{"rendered":"Lanzamiento de Cl\u00faster de Arroz"},"content":{"rendered":"<p>Daule.- En las instalaciones de la Empresa Arrocera Agr\u00edcola Gloria Matilde, se llev\u00f3 a cabo el Lanzamiento de la iniciativa \u201cCl\u00faster de Arroz\u201d, un proyecto que se convierte en el espacio en el que confluyen todos los actores de la cadena, desde el productor hasta el comercializador, y que adem\u00e1s permite la conexi\u00f3n e interacci\u00f3n con sectores como la academia y el sector p\u00fablico.<\/p>\n<p>La actividad cont\u00f3 con la presencia de autoridades nacionales como: Mar\u00eda Sonsoles Garc\u00eda, Ministra de Producci\u00f3n, Comercio Exterior, Inversiones y Pesca; Danilo Palacios, Ministro de Agricultura y Ganader\u00eda; as\u00ed como representantes de la cadena productiva e industrial arrocera: Juan Pablo Z\u00fa\u00f1iga, Presidente de la Corporaci\u00f3n de Industriales Arroceros del Ecuador \u2013 CORPCOM; Milton Ronquillo, Presidente de Corpnoarroz; Diana Rold\u00e1n, Gerente General de Intiagro Corporaci\u00f3n Andina de Negocios; representantes de la academia, instituciones p\u00fablicas, banca privada, medios de comunicaci\u00f3n, entre otros.<\/p>\n<p>Entre las primeras acciones que se plantea dentro de esta iniciativa est\u00e1n:<\/p>\n<p>&#8211; Propiciar el lanzamiento del Cl\u00faster Arrocero del Ecuador convirti\u00e9ndose en el espacio para la articulaci\u00f3n de acciones en beneficio del sector.<\/p>\n<p>&#8211; Firma de convenio entre el Cl\u00faster Arrocero y la banca privada para fomentar la educaci\u00f3n financiera en el sector.<\/p>\n<p>&#8211; Firma de convenio con la academia para fomento de capacidades en el sector arrocero.<\/p>\n<p>&#8211; Firma de convenio con instituciones del Estado como Agrocalidad y ARCSA.<\/p>\n<p>Como antecedente cabe mencionar que a mediados del 2023 el sector privado arrocero (productores e industriales) tuvo acercamientos con el Ministerio de Agricultura y Ganader\u00eda, as\u00ed como tambi\u00e9n con el Ministerio de Producci\u00f3n, Comercio Exterior, Inversiones y Pesca para estructurar el Cl\u00faster del Arroz con la finalidad de mejorar la competitividad del sector.<\/p>\n<p>En ese sentido, y despu\u00e9s de varios meses de trabajo entre sector p\u00fablico y privado, el d\u00eda 21 de febrero de 2024 se realiz\u00f3 el 1er. Taller del Cl\u00faster Arrocero, con la participaci\u00f3n de 50 representantes de toda la cadena productiva del sector; productores, industriales, comercializadores, sector p\u00fablico (Agrocalidad, INIAP, BanEcuador, Prefectura del Guayas), academia y banca privada.<\/p>\n<p>Del referido taller y sus mesas de trabajo se establecieron cuatro l\u00edneas de acci\u00f3n o problem\u00e1ticas que aquejan al sector, mismas que marcan la hoja de ruta del Cl\u00faster, estas son:<\/p>\n<p>1.- Fortalecimiento de Capacidades e Innovaci\u00f3n en Procesos Productivos.<\/p>\n<p>2.- Financiamiento.<\/p>\n<p>3.- Integraci\u00f3n de la Cadena Productiva.<\/p>\n<p>4.- Sostenibilidad.<\/p>\n","protected":false},"excerpt":{"rendered":"<p>Daule.- En las instalaciones de la Empresa Arrocera Agr\u00edcola Gloria Matilde, se llev\u00f3 a cabo el Lanzamiento de la iniciativa \u201cCl\u00faster de Arroz\u201d, un proyecto que se convierte en el espacio en el que confluyen todos los actores de la cadena, desde el productor hasta el comercializador, y que adem\u00e1s permite la conexi\u00f3n e interacci\u00f3n [&hellip;]<\/p>\n","protected":false},"author":2,"featured_media":13034,"comment_status":"open","ping_status":"closed","sticky":false,"template":"","format":"standard","meta":{"_jetpack_memberships_contains_paid_content":false,"footnotes":""},"categories":[13],"tags":[2167,2166],"class_list":["post-13033","post","type-post","status-publish","format-standard","has-post-thumbnail","hentry","category-noticias-nacionales","tag-cluster-de-arroz","tag-empresa-arrocera-agricola-gloria-matilde"],"jetpack_featured_media_url":"https:\/\/radiocresatelital.com\/wp-content\/uploads\/2024\/04\/thumbnail_FOTO-1.png","jetpack_sharing_enabled":true,"_links":{"self":[{"href":"https:\/\/radiocresatelital.com\/index.php?rest_route=\/wp\/v2\/posts\/13033","targetHints":{"allow":["GET"]}}],"collection":[{"href":"https:\/\/radiocresatelital.com\/index.php?rest_route=\/wp\/v2\/posts"}],"about":[{"href":"https:\/\/radiocresatelital.com\/index.php?rest_route=\/wp\/v2\/types\/post"}],"author":[{"embeddable":true,"href":"https:\/\/radiocresatelital.com\/index.php?rest_route=\/wp\/v2\/users\/2"}],"replies":[{"embeddable":true,"href":"https:\/\/radiocresatelital.com\/index.php?rest_route=%2Fwp%2Fv2%2Fcomments&post=13033"}],"version-history":[{"count":1,"href":"https:\/\/radiocresatelital.com\/index.php?rest_route=\/wp\/v2\/posts\/13033\/revisions"}],"predecessor-version":[{"id":13035,"href":"https:\/\/radiocresatelital.com\/index.php?rest_route=\/wp\/v2\/posts\/13033\/revisions\/13035"}],"wp:featuredmedia":[{"embeddable":true,"href":"https:\/\/radiocresatelital.com\/index.php?rest_route=\/wp\/v2\/media\/13034"}],"wp:attachment":[{"href":"https:\/\/radiocresatelital.com\/index.php?rest_route=%2Fwp%2Fv2%2Fmedia&parent=13033"}],"wp:term":[{"taxonomy":"category","embeddable":true,"href":"https:\/\/radiocresatelital.com\/index.php?rest_route=%2Fwp%2Fv2%2Fcategories&post=13033"},{"taxonomy":"post_tag","embeddable":true,"href":"https:\/\/radiocresatelital.com\/index.php?rest_route=%2Fwp%2Fv2%2Ftags&post=13033"}],"curies":[{"name":"wp","href":"https:\/\/api.w.org\/{rel}","templated":true}]}}