{"id":13019,"date":"2024-04-12T23:13:11","date_gmt":"2024-04-12T23:13:11","guid":{"rendered":"https:\/\/radiocresatelital.com\/?p=13019"},"modified":"2024-04-12T23:13:11","modified_gmt":"2024-04-12T23:13:11","slug":"corte-nacional-de-justicia-tiene-razon-pero-va-preso-caso-habeas-corpus-para-glas","status":"publish","type":"post","link":"https:\/\/radiocresatelital.com\/?p=13019","title":{"rendered":"Corte Nacional de Justicia: Tiene raz\u00f3n pero, \u00a1Va preso! Caso Habeas Corpus para Glas"},"content":{"rendered":"<p>#NoHabeasCorpus #Glassiguepreso #NegadoHabeasCorpus<\/p>\n<p>Quito.- Un tribunal de la Corte Nacional de Justicia determin\u00f3 que el ex vicepresidente, Jorge Glas, fue detenido de forma\u00bbilegal y arbitraria\u00bb en la embajada mexicana en Ecuador, sin embargo, seguir\u00e1 preso, porque su solicitude habeas Corpus para recuperar la libertad fue negado, ya que tiene pendiente el completar dos sentencias ejecutoriadas, la una por 8 a\u00f1os y la otra por seis. Al momento de su autoexilio en la embajada mexicana Glas dej\u00f3 de presentarse ante las autoridades ecuatorianas y por lo tanto, incumpli\u00f3 con los requisitos que le permit\u00edan gozar de su prelibertad.<\/p>\n<p><strong>Dicho de otra forma: \u00a1Tiene raz\u00f3n, pero va preso!<\/strong><\/p>\n<p>Aunque\u00a0 no se emiti\u00f3 una orden de allanamiento por parte de un juez, s\u00ed existi\u00f3 una orden verbal y escrita por parte del presidente Daniel Noboa para el allanamiento, lo que termin\u00f3 con la \u00abdetenci\u00f3n ilegal y arbitraria\u00bb de Jorge Glas. Por otra parte, el Tribunal en cuesti\u00f3n, manifest\u00f3 que el Conflicto Interno Armado que vive el pa\u00eds, no justificaba para nada dicho proceder.<\/p>\n<p>Sin embargo, la secretaria Jur\u00eddica de la Presidencia, Mishel Mancheno, insisti\u00f3 en que los jueces nieguen el pedido de habeas corpus, el cual, a su parecer se ha desnaturalizado. Agreg\u00f3, que el asilo otorgado por M\u00e9xico a Glas fue irregular y, como tal, no estaba limitada la ejecuci\u00f3n de la orden de captura, acci\u00f3n en la cual no se habr\u00eda vulnerado ning\u00fan derecho.<\/p>\n<p>Es importante resaltar que la orden de detenci\u00f3n la hab\u00eda extendido el 5 de Enero el juez nacional Luis Rivera para asegurarse que Glas acuda a declarar en un nuevo caso en el cual se acusa al ex vicepresidente de peculado por la Reconstrucci\u00f3n de Manab\u00ed.<\/p>\n<p><strong>Glas \u00abel alem\u00e1n\u00bb<\/strong><\/p>\n<p>El exvicepresidente Jorge Glas, anticip\u00f3 que hoy, 12 de abril tendr\u00e1 una reuni\u00f3n con el c\u00f3nsul de Alemania, puesto que \u00e9l goza de doble nacionalidad: Alemana y ecuatoriana y las autoridades europeas han expresado su intenci\u00f3n de contactarse con el pol\u00edtico para conocer su situaci\u00f3n legal y personal.<small><br \/>\n<\/small><\/p>\n","protected":false},"excerpt":{"rendered":"<p>#NoHabeasCorpus #Glassiguepreso #NegadoHabeasCorpus Quito.- Un tribunal de la Corte Nacional de Justicia determin\u00f3 que el ex vicepresidente, Jorge Glas, fue detenido de forma\u00bbilegal y arbitraria\u00bb en la embajada mexicana en Ecuador, sin embargo, seguir\u00e1 preso, porque su solicitude habeas Corpus para recuperar la libertad fue negado, ya que tiene pendiente el completar dos sentencias ejecutoriadas, [&hellip;]<\/p>\n","protected":false},"author":3,"featured_media":13020,"comment_status":"open","ping_status":"closed","sticky":false,"template":"","format":"standard","meta":{"_jetpack_memberships_contains_paid_content":false,"footnotes":""},"categories":[13],"tags":[],"class_list":["post-13019","post","type-post","status-publish","format-standard","has-post-thumbnail","hentry","category-noticias-nacionales"],"jetpack_featured_media_url":"https:\/\/radiocresatelital.com\/wp-content\/uploads\/2024\/04\/glas-el-lelo.jpg","jetpack_sharing_enabled":true,"_links":{"self":[{"href":"https:\/\/radiocresatelital.com\/index.php?rest_route=\/wp\/v2\/posts\/13019","targetHints":{"allow":["GET"]}}],"collection":[{"href":"https:\/\/radiocresatelital.com\/index.php?rest_route=\/wp\/v2\/posts"}],"about":[{"href":"https:\/\/radiocresatelital.com\/index.php?rest_route=\/wp\/v2\/types\/post"}],"author":[{"embeddable":true,"href":"https:\/\/radiocresatelital.com\/index.php?rest_route=\/wp\/v2\/users\/3"}],"replies":[{"embeddable":true,"href":"https:\/\/radiocresatelital.com\/index.php?rest_route=%2Fwp%2Fv2%2Fcomments&post=13019"}],"version-history":[{"count":1,"href":"https:\/\/radiocresatelital.com\/index.php?rest_route=\/wp\/v2\/posts\/13019\/revisions"}],"predecessor-version":[{"id":13021,"href":"https:\/\/radiocresatelital.com\/index.php?rest_route=\/wp\/v2\/posts\/13019\/revisions\/13021"}],"wp:featuredmedia":[{"embeddable":true,"href":"https:\/\/radiocresatelital.com\/index.php?rest_route=\/wp\/v2\/media\/13020"}],"wp:attachment":[{"href":"https:\/\/radiocresatelital.com\/index.php?rest_route=%2Fwp%2Fv2%2Fmedia&parent=13019"}],"wp:term":[{"taxonomy":"category","embeddable":true,"href":"https:\/\/radiocresatelital.com\/index.php?rest_route=%2Fwp%2Fv2%2Fcategories&post=13019"},{"taxonomy":"post_tag","embeddable":true,"href":"https:\/\/radiocresatelital.com\/index.php?rest_route=%2Fwp%2Fv2%2Ftags&post=13019"}],"curies":[{"name":"wp","href":"https:\/\/api.w.org\/{rel}","templated":true}]}}