{"id":13005,"date":"2024-04-11T22:54:27","date_gmt":"2024-04-11T22:54:27","guid":{"rendered":"https:\/\/radiocresatelital.com\/?p=13005"},"modified":"2024-04-11T22:54:27","modified_gmt":"2024-04-11T22:54:27","slug":"el-mundial-2030-sera-especial-unico-porque-sera-el-del-centenario-gianni-infantino","status":"publish","type":"post","link":"https:\/\/radiocresatelital.com\/?p=13005","title":{"rendered":"El Mundial 2030 ser\u00e1 especial, \u00fanico porque ser\u00e1 el del centenario, Gianni Infantino"},"content":{"rendered":"<p>Asunci\u00f3n.- El Presidente de la Federaci\u00f3n Internacional de F\u00fatbol Asociado, (FIFA), manifest\u00f3: \u00abSer\u00e1 la Copa del Mundo que realmente unir\u00e1 al mundo\u00bb, al aludir al Mundial 2030 que albergar\u00e1n Espa\u00f1a, Portugal y Marruecos y que contar\u00e1 con algunos partidos en Uruguay, Argentina y Paraguay.<\/p>\n<p>\u00abEl Mundial 2030 ser\u00e1 especial, \u00fanico porque ser\u00e1 el del centenario\u00bb, destac\u00f3 el dirigente \u00edtalo-suizo al aludir a la primera Copa del Mundo que alberg\u00f3 y gan\u00f3 Uruguay en 1930 al derrotar en la final a Argentina durante un Congreso de la Conmebol que se celebra en Luque, Paraguay.<\/p>\n<p>\u00abCuando empezamos en pensar en el Mundial 2030 me qued\u00f3 claro de inmediato que tendr\u00edamos que hacer algo especial porque debemos recordar la historia, la leyenda del f\u00fatbol\u00bb, agreg\u00f3 Infantino, al confirmar que la primera fecha del torneo se jugar\u00e1 en Sudam\u00e9rica.<\/p>\n<p>\u00abEl primer partido de este Mundial se va a celebrar en el estadio donde se jug\u00f3 y se celebr\u00f3 la primera final: el estadio Centenario en Montevideo, un lugar hist\u00f3rico\u00bb, asegur\u00f3 al afirmar que \u00abSudam\u00e9rica tiene un lugar especial en mi coraz\u00f3n y est\u00e1 conectada a m\u00ed por esta pasi\u00f3n\u00bb.<\/p>\n<p>Flanqueado por el dirigente paraguayo Alejandro Dom\u00ednguez, titular de la Conmebol, y por los presidentes de Uruguay y Paraguay, Luis Lacalle Pou y Santiago Pe\u00f1a, respectivamente, Infantino reconoci\u00f3 tambi\u00e9n que \u00abnuestro amado deporte tiene sus problemas y debemos enfrentarlos\u00bb.<\/p>\n<p>En ese sentido, el presidente de la FIFA enumer\u00f3 que los desaf\u00edos que afrontan la entidad y el deporte m\u00e1s popular del planeta no son otros que \u00abel racismo y la discriminaci\u00f3n, dos flagelos que afectan seriamente a nuestra sociedad\u00bb.<\/p>\n<p>\u00abVamos a abordar este tema en el Congreso que la FIFA celebrar\u00e1 en Bangkok dentro de pocas semanas porque debemos mantenernos unidos en esta lucha y frenarlos de una vez y para siempre\u00bb, prometi\u00f3.<\/p>\n<p>La pr\u00f3xima Copa del Mundo se celebrar\u00e1 en Estados Unidos, M\u00e9xico y Canad\u00e1 en 2026 y ser\u00e1 la primera de la historia que contar\u00e1 con la participaci\u00f3n de 48 selecciones.<\/p>\n","protected":false},"excerpt":{"rendered":"<p>Asunci\u00f3n.- El Presidente de la Federaci\u00f3n Internacional de F\u00fatbol Asociado, (FIFA), manifest\u00f3: \u00abSer\u00e1 la Copa del Mundo que realmente unir\u00e1 al mundo\u00bb, al aludir al Mundial 2030 que albergar\u00e1n Espa\u00f1a, Portugal y Marruecos y que contar\u00e1 con algunos partidos en Uruguay, Argentina y Paraguay. \u00abEl Mundial 2030 ser\u00e1 especial, \u00fanico porque ser\u00e1 el del centenario\u00bb, [&hellip;]<\/p>\n","protected":false},"author":2,"featured_media":13006,"comment_status":"open","ping_status":"closed","sticky":false,"template":"","format":"standard","meta":{"_jetpack_memberships_contains_paid_content":false,"footnotes":""},"categories":[7,955],"tags":[1051,956],"class_list":["post-13005","post","type-post","status-publish","format-standard","has-post-thumbnail","hentry","category-futbol-internacional","category-mundial-de-futbol","tag-gianni-infantino","tag-mundial-2030"],"jetpack_featured_media_url":"https:\/\/radiocresatelital.com\/wp-content\/uploads\/2024\/04\/mundial.jpg","jetpack_sharing_enabled":true,"_links":{"self":[{"href":"https:\/\/radiocresatelital.com\/index.php?rest_route=\/wp\/v2\/posts\/13005","targetHints":{"allow":["GET"]}}],"collection":[{"href":"https:\/\/radiocresatelital.com\/index.php?rest_route=\/wp\/v2\/posts"}],"about":[{"href":"https:\/\/radiocresatelital.com\/index.php?rest_route=\/wp\/v2\/types\/post"}],"author":[{"embeddable":true,"href":"https:\/\/radiocresatelital.com\/index.php?rest_route=\/wp\/v2\/users\/2"}],"replies":[{"embeddable":true,"href":"https:\/\/radiocresatelital.com\/index.php?rest_route=%2Fwp%2Fv2%2Fcomments&post=13005"}],"version-history":[{"count":1,"href":"https:\/\/radiocresatelital.com\/index.php?rest_route=\/wp\/v2\/posts\/13005\/revisions"}],"predecessor-version":[{"id":13007,"href":"https:\/\/radiocresatelital.com\/index.php?rest_route=\/wp\/v2\/posts\/13005\/revisions\/13007"}],"wp:featuredmedia":[{"embeddable":true,"href":"https:\/\/radiocresatelital.com\/index.php?rest_route=\/wp\/v2\/media\/13006"}],"wp:attachment":[{"href":"https:\/\/radiocresatelital.com\/index.php?rest_route=%2Fwp%2Fv2%2Fmedia&parent=13005"}],"wp:term":[{"taxonomy":"category","embeddable":true,"href":"https:\/\/radiocresatelital.com\/index.php?rest_route=%2Fwp%2Fv2%2Fcategories&post=13005"},{"taxonomy":"post_tag","embeddable":true,"href":"https:\/\/radiocresatelital.com\/index.php?rest_route=%2Fwp%2Fv2%2Ftags&post=13005"}],"curies":[{"name":"wp","href":"https:\/\/api.w.org\/{rel}","templated":true}]}}