{"id":12992,"date":"2024-04-11T20:54:00","date_gmt":"2024-04-11T20:54:00","guid":{"rendered":"https:\/\/radiocresatelital.com\/?p=12992"},"modified":"2024-04-11T21:56:36","modified_gmt":"2024-04-11T21:56:36","slug":"nestle-purina-impulsa-la-presencia-de-mascotas-en-el-trabajo-con-su-programa-pets-at-work","status":"publish","type":"post","link":"https:\/\/radiocresatelital.com\/?p=12992","title":{"rendered":"Nestl\u00e9 Purina impulsa la presencia de mascotas en el trabajo con su Programa \u00abPETS AT WORK\u00bb"},"content":{"rendered":"<p>Quito.- Nestl\u00e9 Purina impulsa la convivencia entre mascotas y due\u00f1os mediante su emblem\u00e1tico programa \u00abPets at Work\u00bb en su primera edici\u00f3n del 2024. Esta iniciativa, dise\u00f1ada para transformar el ambiente laboral, permite que las mascotas acompa\u00f1en a los colaboradores durante la jornada de trabajo.<\/p>\n<p>El programa <strong>\u00abPets at Work\u00bb <\/strong>ha demostrado ser mucho m\u00e1s que una simple actividad; representa un compromiso genuino de Nestl\u00e9 con el bienestar de sus colaboradores y el fortalecimiento de esta relaci\u00f3n en el lugar de trabajo. Con medidas cuidadosamente dise\u00f1adas para garantizar la seguridad y el confort de todos los participantes, esta iniciativa se ha convertido en una actividad muy esperada y especial en Nestl\u00e9.<\/p>\n<p>Durante esta jornada, los colaboradores y sus mascotas disfrutaron y compartieron un d\u00eda en las oficinas de Nestl\u00e9, desempe\u00f1ando actividades cotidianas en un ambiente de trabajo especial y amigable. Este encuentro tambi\u00e9n cumpli\u00f3 un importante prop\u00f3sito social al promover la adopci\u00f3n responsable de mascotas, brindando a los colaboradores la oportunidad de encontrar a su compa\u00f1ero ideal de cuatro patas.<\/p>\n<p>Mar\u00eda Fernanda Bernal, Gerente Comercial de Nestl\u00e9 Purina Ecuador, enfatiz\u00f3 la importancia de esta iniciativa: \u00abEn Purina, creemos firmemente en el poder transformador de la relaci\u00f3n entre due\u00f1os y mascotas. El programa &#8216;Pets at Work&#8217; es un testimonio de nuestro compromiso continuo de mejorar la vida de las personas y las mascotas, promoviendo entornos laborales m\u00e1s felices y saludables, porque Juntos La Vida Es Mejor\u00bb.<\/p>\n<p>A trav\u00e9s de esta iniciativa Nestl\u00e9 Purina reafirma su compromiso con el bienestar laboral, fomentando la convivencia entre las mascotas y sus due\u00f1os<\/p>\n","protected":false},"excerpt":{"rendered":"<p>Quito.- Nestl\u00e9 Purina impulsa la convivencia entre mascotas y due\u00f1os mediante su emblem\u00e1tico programa \u00abPets at Work\u00bb en su primera edici\u00f3n del 2024. Esta iniciativa, dise\u00f1ada para transformar el ambiente laboral, permite que las mascotas acompa\u00f1en a los colaboradores durante la jornada de trabajo. El programa \u00abPets at Work\u00bb ha demostrado ser mucho m\u00e1s que [&hellip;]<\/p>\n","protected":false},"author":2,"featured_media":12993,"comment_status":"open","ping_status":"closed","sticky":false,"template":"","format":"standard","meta":{"_jetpack_memberships_contains_paid_content":false,"footnotes":""},"categories":[13],"tags":[1991,2160],"class_list":["post-12992","post","type-post","status-publish","format-standard","has-post-thumbnail","hentry","category-noticias-nacionales","tag-nestle-purina","tag-programa-pets-at-work"],"jetpack_featured_media_url":"https:\/\/radiocresatelital.com\/wp-content\/uploads\/2024\/04\/edb32692-2898-41dd-a372-d03714cccbb4.jpeg","jetpack_sharing_enabled":true,"_links":{"self":[{"href":"https:\/\/radiocresatelital.com\/index.php?rest_route=\/wp\/v2\/posts\/12992","targetHints":{"allow":["GET"]}}],"collection":[{"href":"https:\/\/radiocresatelital.com\/index.php?rest_route=\/wp\/v2\/posts"}],"about":[{"href":"https:\/\/radiocresatelital.com\/index.php?rest_route=\/wp\/v2\/types\/post"}],"author":[{"embeddable":true,"href":"https:\/\/radiocresatelital.com\/index.php?rest_route=\/wp\/v2\/users\/2"}],"replies":[{"embeddable":true,"href":"https:\/\/radiocresatelital.com\/index.php?rest_route=%2Fwp%2Fv2%2Fcomments&post=12992"}],"version-history":[{"count":1,"href":"https:\/\/radiocresatelital.com\/index.php?rest_route=\/wp\/v2\/posts\/12992\/revisions"}],"predecessor-version":[{"id":12994,"href":"https:\/\/radiocresatelital.com\/index.php?rest_route=\/wp\/v2\/posts\/12992\/revisions\/12994"}],"wp:featuredmedia":[{"embeddable":true,"href":"https:\/\/radiocresatelital.com\/index.php?rest_route=\/wp\/v2\/media\/12993"}],"wp:attachment":[{"href":"https:\/\/radiocresatelital.com\/index.php?rest_route=%2Fwp%2Fv2%2Fmedia&parent=12992"}],"wp:term":[{"taxonomy":"category","embeddable":true,"href":"https:\/\/radiocresatelital.com\/index.php?rest_route=%2Fwp%2Fv2%2Fcategories&post=12992"},{"taxonomy":"post_tag","embeddable":true,"href":"https:\/\/radiocresatelital.com\/index.php?rest_route=%2Fwp%2Fv2%2Ftags&post=12992"}],"curies":[{"name":"wp","href":"https:\/\/api.w.org\/{rel}","templated":true}]}}