{"id":12979,"date":"2024-04-11T16:49:59","date_gmt":"2024-04-11T16:49:59","guid":{"rendered":"https:\/\/radiocresatelital.com\/?p=12979"},"modified":"2024-04-11T16:49:59","modified_gmt":"2024-04-11T16:49:59","slug":"mexico-pide-que-suspendan-a-ecuador-de-la-onu","status":"publish","type":"post","link":"https:\/\/radiocresatelital.com\/?p=12979","title":{"rendered":"M\u00e9xico pide que suspendan a Ecuador de la ONU"},"content":{"rendered":"<p>#EcuadorM\u00e9xico #MexicodemandaEcuador #ONU<\/p>\n<p>M\u00e9xico.-\u00a0La canciller mexicana, Alicia B\u00e1rcena,\u00a0 inform\u00f3 que M\u00e9xico present\u00f3 en La Haya, ante la <strong>Corte Internacional de Justicia , hoy<\/strong> jueves 11 de abril del 2024, una denuncia pidiendo que Ecuador sea suspendido de la Organizaci\u00f3n de las Naciones Unidas: M\u00e9xico exige \u00abla <strong>suspensi\u00f3n de Ecuador como integrante de la Organizaci\u00f3n de las Naciones Unidas<\/strong>\u00a0en tanto no se emita una\u00a0<strong>disculpa p\u00fablica,<\/strong>\u00a0reconociendo las violaciones a los principios y normas fundamentales del derecho internacional\u00bb.<\/p>\n<p>B\u00e1rcena, dijo que M\u00e9xico, decidi\u00f3 llevar a Ecuador a <strong>rendir cuentas\u00a0<\/strong>\u00abpor su\u00a0<strong>flagrante trasgresi\u00f3n a la inviolabilidad<\/strong> de nuestra embajada\u00bb con lo que busca \u00abestablecer un precedente y garantizar la <strong>reparaci\u00f3n del da\u00f1o moral<\/strong>\u00a0infligido al Estado mexicano y a sus nacionales\u00bb.<\/p>\n<p>\u00abDebemos exigir que el\u00a0<strong>sistema internacional condene y sancione sin ambig\u00fcedades<\/strong>\u00a0las graves violaciones ocurridas y se evite un precedente de impunidad\u00bb asever\u00f3.<\/p>\n<p>&nbsp;<\/p>\n","protected":false},"excerpt":{"rendered":"<p>#EcuadorM\u00e9xico #MexicodemandaEcuador #ONU M\u00e9xico.-\u00a0La canciller mexicana, Alicia B\u00e1rcena,\u00a0 inform\u00f3 que M\u00e9xico present\u00f3 en La Haya, ante la Corte Internacional de Justicia , hoy jueves 11 de abril del 2024, una denuncia pidiendo que Ecuador sea suspendido de la Organizaci\u00f3n de las Naciones Unidas: M\u00e9xico exige \u00abla suspensi\u00f3n de Ecuador como integrante de la Organizaci\u00f3n de [&hellip;]<\/p>\n","protected":false},"author":3,"featured_media":12980,"comment_status":"open","ping_status":"closed","sticky":false,"template":"","format":"standard","meta":{"_jetpack_memberships_contains_paid_content":false,"footnotes":""},"categories":[13],"tags":[],"class_list":["post-12979","post","type-post","status-publish","format-standard","has-post-thumbnail","hentry","category-noticias-nacionales"],"jetpack_featured_media_url":"https:\/\/radiocresatelital.com\/wp-content\/uploads\/2024\/04\/alicia-barcena.jpeg","jetpack_sharing_enabled":true,"_links":{"self":[{"href":"https:\/\/radiocresatelital.com\/index.php?rest_route=\/wp\/v2\/posts\/12979","targetHints":{"allow":["GET"]}}],"collection":[{"href":"https:\/\/radiocresatelital.com\/index.php?rest_route=\/wp\/v2\/posts"}],"about":[{"href":"https:\/\/radiocresatelital.com\/index.php?rest_route=\/wp\/v2\/types\/post"}],"author":[{"embeddable":true,"href":"https:\/\/radiocresatelital.com\/index.php?rest_route=\/wp\/v2\/users\/3"}],"replies":[{"embeddable":true,"href":"https:\/\/radiocresatelital.com\/index.php?rest_route=%2Fwp%2Fv2%2Fcomments&post=12979"}],"version-history":[{"count":1,"href":"https:\/\/radiocresatelital.com\/index.php?rest_route=\/wp\/v2\/posts\/12979\/revisions"}],"predecessor-version":[{"id":12981,"href":"https:\/\/radiocresatelital.com\/index.php?rest_route=\/wp\/v2\/posts\/12979\/revisions\/12981"}],"wp:featuredmedia":[{"embeddable":true,"href":"https:\/\/radiocresatelital.com\/index.php?rest_route=\/wp\/v2\/media\/12980"}],"wp:attachment":[{"href":"https:\/\/radiocresatelital.com\/index.php?rest_route=%2Fwp%2Fv2%2Fmedia&parent=12979"}],"wp:term":[{"taxonomy":"category","embeddable":true,"href":"https:\/\/radiocresatelital.com\/index.php?rest_route=%2Fwp%2Fv2%2Fcategories&post=12979"},{"taxonomy":"post_tag","embeddable":true,"href":"https:\/\/radiocresatelital.com\/index.php?rest_route=%2Fwp%2Fv2%2Ftags&post=12979"}],"curies":[{"name":"wp","href":"https:\/\/api.w.org\/{rel}","templated":true}]}}