{"id":12976,"date":"2024-04-11T16:40:14","date_gmt":"2024-04-11T16:40:14","guid":{"rendered":"https:\/\/radiocresatelital.com\/?p=12976"},"modified":"2024-04-11T16:40:14","modified_gmt":"2024-04-11T16:40:14","slug":"viviana-veloz-llama-legisladores-de-alquiler-a-jurado-y-aguas-y-asegura-que-hay-compra-de-conciencias-en-la-asamblea","status":"publish","type":"post","link":"https:\/\/radiocresatelital.com\/?p=12976","title":{"rendered":"Viviana Veloz llama \u00abLegisladores de alquiler\u00bb a Jurado y Aguas y asegura que hay \u00abcompra de conciencias\u00bb en la Asamblea"},"content":{"rendered":"<p>Quito.- La jefa de la bancada correista, Viviana Veloz, dijo que existe una posible compra de conciencias en la Asamblea Nacional: \u00abSoy una mujer que siempre se enmarca dentro de los principios de legalidad, posiblemente hay una \u00abcompra de conciencias\u00bb de estos legisladores de alquiler -refiri\u00e9ndose a Jurado y Aguas- a los que no les importa la realidad del pa\u00eds, a los que no les importa que no se resuelvan los problemas de seguridad, de salud, de educaci\u00f3n ni que se pueda sacar adelante al pa\u00eds en en aspecto econ\u00f3mico\u00bb<\/p>\n<p>Veloz, agreg\u00f3 que \u00abEsto no solo se trata de la Revoluci\u00f3n Ciudadana, sino que tambi\u00e9n hay bajas en el Partido Social Cristiano, en el movimiento Construye, ya hay dos bajas en un sector que se identifica como Gente Buena, lo cual se da porque estar\u00edan recurriendo a las malas pr\u00e1cticas, a las pr\u00e1cticas ma\u00f1osas de comprar votos y conciencias, pero esto lo sabr\u00e1 sancionar el pueblo ecuatoriano\u00bb.<\/p>\n<p>Veloz, desconoce la renuncia de Jurado y Aguas y dice que \u00e9set \u00faltimo fue expulsado por no respetar la agenda legislativa de su bancada, por otra parte,\u00a0 guard\u00f3 silencio en torno a la posible separaci\u00f3n de la legisladora Marcela Holgu\u00edn.<\/p>\n<p>&nbsp;<\/p>\n<p><a href=\"https:\/\/x.com\/wenewsec\/status\/1778450191533605141\">https:\/\/x.com\/wenewsec\/status\/1778450191533605141<\/a><\/p>\n<p>&nbsp;<\/p>\n<p>&nbsp;<\/p>\n<p>&nbsp;<\/p>\n","protected":false},"excerpt":{"rendered":"<p>Quito.- La jefa de la bancada correista, Viviana Veloz, dijo que existe una posible compra de conciencias en la Asamblea Nacional: \u00abSoy una mujer que siempre se enmarca dentro de los principios de legalidad, posiblemente hay una \u00abcompra de conciencias\u00bb de estos legisladores de alquiler -refiri\u00e9ndose a Jurado y Aguas- a los que no les [&hellip;]<\/p>\n","protected":false},"author":3,"featured_media":12977,"comment_status":"open","ping_status":"closed","sticky":false,"template":"","format":"standard","meta":{"_jetpack_memberships_contains_paid_content":false,"footnotes":""},"categories":[13],"tags":[],"class_list":["post-12976","post","type-post","status-publish","format-standard","has-post-thumbnail","hentry","category-noticias-nacionales"],"jetpack_featured_media_url":"https:\/\/radiocresatelital.com\/wp-content\/uploads\/2024\/04\/viviana-veloz.jpeg","jetpack_sharing_enabled":true,"_links":{"self":[{"href":"https:\/\/radiocresatelital.com\/index.php?rest_route=\/wp\/v2\/posts\/12976","targetHints":{"allow":["GET"]}}],"collection":[{"href":"https:\/\/radiocresatelital.com\/index.php?rest_route=\/wp\/v2\/posts"}],"about":[{"href":"https:\/\/radiocresatelital.com\/index.php?rest_route=\/wp\/v2\/types\/post"}],"author":[{"embeddable":true,"href":"https:\/\/radiocresatelital.com\/index.php?rest_route=\/wp\/v2\/users\/3"}],"replies":[{"embeddable":true,"href":"https:\/\/radiocresatelital.com\/index.php?rest_route=%2Fwp%2Fv2%2Fcomments&post=12976"}],"version-history":[{"count":1,"href":"https:\/\/radiocresatelital.com\/index.php?rest_route=\/wp\/v2\/posts\/12976\/revisions"}],"predecessor-version":[{"id":12978,"href":"https:\/\/radiocresatelital.com\/index.php?rest_route=\/wp\/v2\/posts\/12976\/revisions\/12978"}],"wp:featuredmedia":[{"embeddable":true,"href":"https:\/\/radiocresatelital.com\/index.php?rest_route=\/wp\/v2\/media\/12977"}],"wp:attachment":[{"href":"https:\/\/radiocresatelital.com\/index.php?rest_route=%2Fwp%2Fv2%2Fmedia&parent=12976"}],"wp:term":[{"taxonomy":"category","embeddable":true,"href":"https:\/\/radiocresatelital.com\/index.php?rest_route=%2Fwp%2Fv2%2Fcategories&post=12976"},{"taxonomy":"post_tag","embeddable":true,"href":"https:\/\/radiocresatelital.com\/index.php?rest_route=%2Fwp%2Fv2%2Ftags&post=12976"}],"curies":[{"name":"wp","href":"https:\/\/api.w.org\/{rel}","templated":true}]}}