{"id":12969,"date":"2024-04-11T16:15:51","date_gmt":"2024-04-11T16:15:51","guid":{"rendered":"https:\/\/radiocresatelital.com\/?p=12969"},"modified":"2024-04-11T16:19:28","modified_gmt":"2024-04-11T16:19:28","slug":"oea-condena-para-ecuador-llamado-de-atencion-para-mexico","status":"publish","type":"post","link":"https:\/\/radiocresatelital.com\/?p=12969","title":{"rendered":"OEA: \u00bfCondena para Ecuador? \u00bfLlamado de atenci\u00f3n para M\u00e9xico?"},"content":{"rendered":"<p>#OEAEcuador #EcuadorM\u00e9xico #Gabriela Sommerfeld<\/p>\n<p>Quito.- La Organizaci\u00f3n de Estados Americanos, OEA, condeno a Ecuador mediante un acuerdo que suscribieron 29 pa\u00edses y que consta de 10 puntos, entre ellos, la condena a la incursi\u00f3n de territorios que pertenecen a embajadas extranjeras, pero&#8230;\u00bfSon todos llamados de atenci\u00f3n para Ecuador?\u00a0 La respuesta es No, ya que hay por lo menos dos puntos del acuerdo que son un directo llamado de atenci\u00f3n a M\u00e9xico y a todo pa\u00eds que \u00abconfunda\u00bb el asilo pol\u00edtico y otorgue protecci\u00f3n a quien cometa alg\u00fan delito tipificado en la legislaci\u00f3n del pa\u00eds acogiente.<\/p>\n<p>Ecuador muestra su interes en subsanar la situaci\u00f3n con M\u00e9xico pero ha sido claro en sostener por parte de la Ministra de Relaciones Exteriores, Gabriela Sommerfeld que \u00abpedir disculpa p\u00fablicas, no est\u00e1 sobre la mesa\u00bb, lo cual, constituye un requerimiento del pa\u00eds norteamericano.<\/p>\n<p>Por su parte, M\u00e9xico ha decidido demandar al Ecuador en la Corte de Justicia Internacional. Lo cierto es que, hasta que la situaci\u00f3n diplom\u00e1tica se resuelva miles de ciudadanos mexicanos en Ecuador y ecuatorianos en M\u00e9xico, estan afrontando dificultades para poder hacer sus tr\u00e1mites oficiales cotidianos.<\/p>\n<p>&nbsp;<\/p>\n","protected":false},"excerpt":{"rendered":"<p>#OEAEcuador #EcuadorM\u00e9xico #Gabriela Sommerfeld Quito.- La Organizaci\u00f3n de Estados Americanos, OEA, condeno a Ecuador mediante un acuerdo que suscribieron 29 pa\u00edses y que consta de 10 puntos, entre ellos, la condena a la incursi\u00f3n de territorios que pertenecen a embajadas extranjeras, pero&#8230;\u00bfSon todos llamados de atenci\u00f3n para Ecuador?\u00a0 La respuesta es No, ya que hay [&hellip;]<\/p>\n","protected":false},"author":3,"featured_media":12970,"comment_status":"open","ping_status":"closed","sticky":false,"template":"","format":"standard","meta":{"_jetpack_memberships_contains_paid_content":false,"footnotes":""},"categories":[13],"tags":[],"class_list":["post-12969","post","type-post","status-publish","format-standard","has-post-thumbnail","hentry","category-noticias-nacionales"],"jetpack_featured_media_url":"https:\/\/radiocresatelital.com\/wp-content\/uploads\/2024\/04\/oea-ecuador-mexico.jpg","jetpack_sharing_enabled":true,"_links":{"self":[{"href":"https:\/\/radiocresatelital.com\/index.php?rest_route=\/wp\/v2\/posts\/12969","targetHints":{"allow":["GET"]}}],"collection":[{"href":"https:\/\/radiocresatelital.com\/index.php?rest_route=\/wp\/v2\/posts"}],"about":[{"href":"https:\/\/radiocresatelital.com\/index.php?rest_route=\/wp\/v2\/types\/post"}],"author":[{"embeddable":true,"href":"https:\/\/radiocresatelital.com\/index.php?rest_route=\/wp\/v2\/users\/3"}],"replies":[{"embeddable":true,"href":"https:\/\/radiocresatelital.com\/index.php?rest_route=%2Fwp%2Fv2%2Fcomments&post=12969"}],"version-history":[{"count":3,"href":"https:\/\/radiocresatelital.com\/index.php?rest_route=\/wp\/v2\/posts\/12969\/revisions"}],"predecessor-version":[{"id":12974,"href":"https:\/\/radiocresatelital.com\/index.php?rest_route=\/wp\/v2\/posts\/12969\/revisions\/12974"}],"wp:featuredmedia":[{"embeddable":true,"href":"https:\/\/radiocresatelital.com\/index.php?rest_route=\/wp\/v2\/media\/12970"}],"wp:attachment":[{"href":"https:\/\/radiocresatelital.com\/index.php?rest_route=%2Fwp%2Fv2%2Fmedia&parent=12969"}],"wp:term":[{"taxonomy":"category","embeddable":true,"href":"https:\/\/radiocresatelital.com\/index.php?rest_route=%2Fwp%2Fv2%2Fcategories&post=12969"},{"taxonomy":"post_tag","embeddable":true,"href":"https:\/\/radiocresatelital.com\/index.php?rest_route=%2Fwp%2Fv2%2Ftags&post=12969"}],"curies":[{"name":"wp","href":"https:\/\/api.w.org\/{rel}","templated":true}]}}