{"id":12959,"date":"2024-04-10T16:48:44","date_gmt":"2024-04-10T16:48:44","guid":{"rendered":"https:\/\/radiocresatelital.com\/?p=12959"},"modified":"2024-04-10T16:48:44","modified_gmt":"2024-04-10T16:48:44","slug":"wilman-teran-debia-lograr-que-correa-quede-libre-regrese-y-sacar-de-su-cargo-a-la-fiscal-xavier-munoz","status":"publish","type":"post","link":"https:\/\/radiocresatelital.com\/?p=12959","title":{"rendered":"Wilman Ter\u00e1n deb\u00eda lograr que Correa quede libre, regrese y sacar de su cargo a la Fiscal, Xavier Mu\u00f1oz"},"content":{"rendered":"<p>Quito.- Xavier Mu\u00f1oz , ex vocal del Consejo de la Judicatura, acusado de tr\u00e1fico de influencias y uno de los tres implicadosen el caso Independencia Judicial, rindi\u00f3 declaraciones como parte de su testimonio anticipado ante la Corte Nacional de Justicia, en Quito.<\/p>\n<p>Entre lo declarado Mu\u00f1oz, quien alcanz\u00f3 su cargo en la Judicatura en la \u00e9poca de Len\u00edn Moreno, confes\u00f3 que busc\u00f3 apoyo pol\u00edtico con Pablo Muentes, pero que el ex asamble\u00edsta socialcristiano estaba enfocado en apoyar a Elsie Celi. As\u00ed mismo, en su momento,\u00a0 tuvo reuniones con el asesor de Guillermo Lasso, Aparicio Caicedo, cuyos objetivos estaban centrados en destituir a Iv\u00e1n Saquicela y reincorporar en la Asamblea a Guadalupe LLori.<\/p>\n<p>Mu\u00f1oz, asegura haber tenido una reuni\u00f3n con Rafael Correa en Brasil, en marzo del 2023, donde le ofreci\u00f3 apoyo pol\u00edtico en la Asamblea Nacional para no ser enjuiciado a cambio de apoyar a Wilman Ter\u00e1n, que era el encargado de cumplir dos puntos importantes para el exmandatario:<\/p>\n<ul>\n<li>Remover a la Fiscal Diana Salazar de su cargo y buscar un reemplazo a fin al corre\u00edsmo<\/li>\n<li>Promover que los jueces Byron Guill\u00e9n y Luis Rivera revisen su sentencia en el caso Sobornos.<\/li>\n<\/ul>\n<p>Mu\u00f1oz segura que no acept\u00f3 por lo que el exmandatario le solicit\u00f3 la renuncia a su cargo<\/p>\n<p><strong>Independencia Judicial<\/strong><\/p>\n<p>En el caso Independencia Judicial est\u00e1n procesados\u00a0Wilman Ter\u00e1n, expresidente del Consejo de la Judicatura, los exvocales\u00a0<strong>Xavier Mu\u00f1oz<\/strong>\u00a0y\u00a0<strong>Maribel Barreno<\/strong>, y otros cuatro funcionarios por el presunto cometimiento del delito de\u00a0tr\u00e1fico de influencias, luego de que en una sesi\u00f3n donde con una mayor\u00eda dudosa y descuadrada matem\u00e1ticamente, suspendieran al juez Wilson Mac\u00edas, quien deb\u00eda llevar un proceso en contra de los vocales antes mencionados, quienes en medio de una sesi\u00f3n llena de incongruencia, se \u00abadelantaban en la jugada\u00bb y lo destituyeron.<\/p>\n<p><a href=\"https:\/\/x.com\/PatoFerRosero\/status\/1778080661305266368\">https:\/\/x.com\/PatoFerRosero\/status\/1778080661305266368<\/a><\/p>\n<p>.<\/p>\n<p>&nbsp;<\/p>\n<p>&nbsp;<\/p>\n<p>&nbsp;<\/p>\n<p>&nbsp;<\/p>\n<p>&nbsp;<\/p>\n<p>&nbsp;<\/p>\n<p>&nbsp;<\/p>\n","protected":false},"excerpt":{"rendered":"<p>Quito.- Xavier Mu\u00f1oz , ex vocal del Consejo de la Judicatura, acusado de tr\u00e1fico de influencias y uno de los tres implicadosen el caso Independencia Judicial, rindi\u00f3 declaraciones como parte de su testimonio anticipado ante la Corte Nacional de Justicia, en Quito. Entre lo declarado Mu\u00f1oz, quien alcanz\u00f3 su cargo en la Judicatura en la [&hellip;]<\/p>\n","protected":false},"author":3,"featured_media":12960,"comment_status":"open","ping_status":"closed","sticky":false,"template":"","format":"standard","meta":{"_jetpack_memberships_contains_paid_content":false,"footnotes":""},"categories":[13],"tags":[],"class_list":["post-12959","post","type-post","status-publish","format-standard","has-post-thumbnail","hentry","category-noticias-nacionales"],"jetpack_featured_media_url":"https:\/\/radiocresatelital.com\/wp-content\/uploads\/2024\/04\/xavier-munoz-1.jpg","jetpack_sharing_enabled":true,"_links":{"self":[{"href":"https:\/\/radiocresatelital.com\/index.php?rest_route=\/wp\/v2\/posts\/12959","targetHints":{"allow":["GET"]}}],"collection":[{"href":"https:\/\/radiocresatelital.com\/index.php?rest_route=\/wp\/v2\/posts"}],"about":[{"href":"https:\/\/radiocresatelital.com\/index.php?rest_route=\/wp\/v2\/types\/post"}],"author":[{"embeddable":true,"href":"https:\/\/radiocresatelital.com\/index.php?rest_route=\/wp\/v2\/users\/3"}],"replies":[{"embeddable":true,"href":"https:\/\/radiocresatelital.com\/index.php?rest_route=%2Fwp%2Fv2%2Fcomments&post=12959"}],"version-history":[{"count":1,"href":"https:\/\/radiocresatelital.com\/index.php?rest_route=\/wp\/v2\/posts\/12959\/revisions"}],"predecessor-version":[{"id":12961,"href":"https:\/\/radiocresatelital.com\/index.php?rest_route=\/wp\/v2\/posts\/12959\/revisions\/12961"}],"wp:featuredmedia":[{"embeddable":true,"href":"https:\/\/radiocresatelital.com\/index.php?rest_route=\/wp\/v2\/media\/12960"}],"wp:attachment":[{"href":"https:\/\/radiocresatelital.com\/index.php?rest_route=%2Fwp%2Fv2%2Fmedia&parent=12959"}],"wp:term":[{"taxonomy":"category","embeddable":true,"href":"https:\/\/radiocresatelital.com\/index.php?rest_route=%2Fwp%2Fv2%2Fcategories&post=12959"},{"taxonomy":"post_tag","embeddable":true,"href":"https:\/\/radiocresatelital.com\/index.php?rest_route=%2Fwp%2Fv2%2Ftags&post=12959"}],"curies":[{"name":"wp","href":"https:\/\/api.w.org\/{rel}","templated":true}]}}