{"id":12946,"date":"2024-04-09T22:55:58","date_gmt":"2024-04-09T22:55:58","guid":{"rendered":"https:\/\/radiocresatelital.com\/?p=12946"},"modified":"2024-04-09T22:55:58","modified_gmt":"2024-04-09T22:55:58","slug":"frente-militar-se-reune-para-delinear-estrategias-para-enfrentar-el-narcoterrorismo-y-crimen-organizado","status":"publish","type":"post","link":"https:\/\/radiocresatelital.com\/?p=12946","title":{"rendered":"Frente militar se re\u00fane para delinear estrategias para enfrentar el narcoterrorismo y crimen organizado"},"content":{"rendered":"<p>Quito.- Analizar y establecer acciones estrat\u00e9gicas direccionadas a mantener el control y fortalecer la defensa nacional y seguridad interna en todo el territorio, fue parte de la reuni\u00f3n que mantuvo el ministro Gian Carlo Loffredo, con el jefe del Comando Conjunto de las Fuerzas Armadas, almirante Jaime Vela y los comandantes de las Fuerzas, general de ej\u00e9rcito, Fernando Adatty, almirante, Miguel C\u00f3rdova y general del aire, Celiano Cevallos.<\/p>\n<p>Los lineamientos establecidos van acorde a los objetivos del Plan F\u00e9nix, que ser\u00e1n implementados de manera contundente y continua por parte del sector militar para enfrentar el narcoterroristmo y la violencia criminal; as\u00ed como por lo dispuesto en el Decreto Ejecutivo N\u00ba218, emitido por el presidente de la rep\u00fablica Daniel Noboa el pasado 7 de abril y que en su contenido determina la continuidad de la presencia de las Fuerzas Armadas en operaciones militares a nivel interno ante el conflicto armado, as\u00ed como tambi\u00e9n en los centros de privaci\u00f3n de libertad declarados zonas de seguridad del Estado.<\/p>\n<p>El Ministerio de Defensa Nacional trabaja en la construcci\u00f3n de mecanismos y pol\u00edticas adecuadas en favor de la paz, la defensa y la seguridad del Estado ecuatoriano conforme a los nuevos y cambiantes escenarios, y las amenazas existentes a la soberan\u00eda nacional e integridad territorial.<\/p>\n","protected":false},"excerpt":{"rendered":"<p>Quito.- Analizar y establecer acciones estrat\u00e9gicas direccionadas a mantener el control y fortalecer la defensa nacional y seguridad interna en todo el territorio, fue parte de la reuni\u00f3n que mantuvo el ministro Gian Carlo Loffredo, con el jefe del Comando Conjunto de las Fuerzas Armadas, almirante Jaime Vela y los comandantes de las Fuerzas, general [&hellip;]<\/p>\n","protected":false},"author":2,"featured_media":12947,"comment_status":"open","ping_status":"closed","sticky":false,"template":"","format":"standard","meta":{"_jetpack_memberships_contains_paid_content":false,"footnotes":""},"categories":[13],"tags":[157,1681],"class_list":["post-12946","post","type-post","status-publish","format-standard","has-post-thumbnail","hentry","category-noticias-nacionales","tag-gobierno-nacional","tag-plan-fenix"],"jetpack_featured_media_url":"https:\/\/radiocresatelital.com\/wp-content\/uploads\/2024\/04\/image00001.jpeg","jetpack_sharing_enabled":true,"_links":{"self":[{"href":"https:\/\/radiocresatelital.com\/index.php?rest_route=\/wp\/v2\/posts\/12946","targetHints":{"allow":["GET"]}}],"collection":[{"href":"https:\/\/radiocresatelital.com\/index.php?rest_route=\/wp\/v2\/posts"}],"about":[{"href":"https:\/\/radiocresatelital.com\/index.php?rest_route=\/wp\/v2\/types\/post"}],"author":[{"embeddable":true,"href":"https:\/\/radiocresatelital.com\/index.php?rest_route=\/wp\/v2\/users\/2"}],"replies":[{"embeddable":true,"href":"https:\/\/radiocresatelital.com\/index.php?rest_route=%2Fwp%2Fv2%2Fcomments&post=12946"}],"version-history":[{"count":1,"href":"https:\/\/radiocresatelital.com\/index.php?rest_route=\/wp\/v2\/posts\/12946\/revisions"}],"predecessor-version":[{"id":12948,"href":"https:\/\/radiocresatelital.com\/index.php?rest_route=\/wp\/v2\/posts\/12946\/revisions\/12948"}],"wp:featuredmedia":[{"embeddable":true,"href":"https:\/\/radiocresatelital.com\/index.php?rest_route=\/wp\/v2\/media\/12947"}],"wp:attachment":[{"href":"https:\/\/radiocresatelital.com\/index.php?rest_route=%2Fwp%2Fv2%2Fmedia&parent=12946"}],"wp:term":[{"taxonomy":"category","embeddable":true,"href":"https:\/\/radiocresatelital.com\/index.php?rest_route=%2Fwp%2Fv2%2Fcategories&post=12946"},{"taxonomy":"post_tag","embeddable":true,"href":"https:\/\/radiocresatelital.com\/index.php?rest_route=%2Fwp%2Fv2%2Ftags&post=12946"}],"curies":[{"name":"wp","href":"https:\/\/api.w.org\/{rel}","templated":true}]}}