{"id":12894,"date":"2024-04-08T23:20:58","date_gmt":"2024-04-08T23:20:58","guid":{"rendered":"https:\/\/radiocresatelital.com\/?p=12894"},"modified":"2024-04-08T23:20:58","modified_gmt":"2024-04-08T23:20:58","slug":"alcaldia-de-aquiles-alvarez-retoma-la-entrega-de-textos-escolares-en-beneficio-de-78-000-estudiantes","status":"publish","type":"post","link":"https:\/\/radiocresatelital.com\/?p=12894","title":{"rendered":"Alcald\u00eda de Aquiles Alvarez retoma la entrega de textos escolares en beneficio de 78.000 estudiantes"},"content":{"rendered":"<p>Guayaquil.- Con el programa \u201cEd\u00facate Guayaquil\u201d, la Alcald\u00eda de Aquiles Alvarez reanuda la entrega de textos escolares, la cual fue suspendida en la administraci\u00f3n municipal anterior.<\/p>\n<p>\u201cNo hay otra cosa m\u00e1s importante que invertir en nuestros ni\u00f1os\u201d, dijo el primer personero municipal durante el acto de presentaci\u00f3n del programa que se realiz\u00f3 en el coliseo de la Unidad Educativa La Inmaculada, en el centro de la ciudad.<\/p>\n<p>\u201cVamos a imprimir casi 400 mil libros y eso impacta positivamente a la econom\u00eda de las familias\u201d, resalt\u00f3 Alvarez ante ni\u00f1os, padres de familia y docentes.<\/p>\n<p>Los alumnos de 334 escuelas ser\u00e1n favorecidos con textos de Matem\u00e1tica, Lengua y Literatura, Ciencias Naturales, Estudios Sociales, Desarrollo Humano Integral, F\u00edsica, Qu\u00edmica, Biolog\u00eda e Historia. Estos libros ir\u00e1n a 78.000 estudiantes de 1ro. a 10mo. de Educaci\u00f3n General B\u00e1sica y de 1ro. a 3ro. de<br \/>\nBachillerato General Unificado. Adem\u00e1s, el Municipio entregar\u00e1 12.366 gu\u00edas docentes para los profesores.<\/p>\n<p>\u201cNosotros lo hacemos por convicci\u00f3n, lo hacemos porque internamente consideramos que es nuestra obligaci\u00f3n hacerlo\u201d, coment\u00f3 el concejal Ra\u00fal Ch\u00e1vez, quien acompa\u00f1\u00f3 al Alcalde.<\/p>\n<p>La EP DASE adquiri\u00f3 los derechos de una editorial de prestigio que da la veracidad cient\u00edfica del contenido. Los textos cumplen con la normativa curricular del Ministerio de Educaci\u00f3n para el a\u00f1o lectivo 2024-2025.<\/p>\n<p>La anterior administraci\u00f3n municipal termin\u00f3 el convenio con Fundaci\u00f3n Ecuador. Eso perjudic\u00f3 en la econom\u00eda de miles de familias de Guayaquil. Por eso, la Alcald\u00eda de Aquiles Alvarez retom\u00f3 el convenio con Fundaci\u00f3n Ecuador, que daba apoyo y distribu\u00eda los libros, como lo prometi\u00f3 antes de asumir el<br \/>\ncargo.<\/p>\n<p>Armando Cevallos, rector de Unidad Educativa Sergio N\u00fa\u00f1ez Santa Mar\u00eda, resalto el aporte municipal. \u201cRepresenta el apoyo fundamental, no solo de las instituciones como tales sino el respaldo de la Municipalidad que se preocupa de la educaci\u00f3n de nuestros ni\u00f1os y adolescentes sobre todo de los lugares m\u00e1s vulnerables\u201d.<\/p>\n","protected":false},"excerpt":{"rendered":"<p>Guayaquil.- Con el programa \u201cEd\u00facate Guayaquil\u201d, la Alcald\u00eda de Aquiles Alvarez reanuda la entrega de textos escolares, la cual fue suspendida en la administraci\u00f3n municipal anterior. \u201cNo hay otra cosa m\u00e1s importante que invertir en nuestros ni\u00f1os\u201d, dijo el primer personero municipal durante el acto de presentaci\u00f3n del programa que se realiz\u00f3 en el coliseo [&hellip;]<\/p>\n","protected":false},"author":2,"featured_media":12895,"comment_status":"open","ping_status":"closed","sticky":false,"template":"","format":"standard","meta":{"_jetpack_memberships_contains_paid_content":false,"footnotes":""},"categories":[33,13],"tags":[293,2132],"class_list":["post-12894","post","type-post","status-publish","format-standard","has-post-thumbnail","hentry","category-guayaquil","category-noticias-nacionales","tag-alcaldia-de-guayaquil","tag-educate-guayaquil"],"jetpack_featured_media_url":"https:\/\/radiocresatelital.com\/wp-content\/uploads\/2024\/04\/DSC09331.jpg","jetpack_sharing_enabled":true,"_links":{"self":[{"href":"https:\/\/radiocresatelital.com\/index.php?rest_route=\/wp\/v2\/posts\/12894","targetHints":{"allow":["GET"]}}],"collection":[{"href":"https:\/\/radiocresatelital.com\/index.php?rest_route=\/wp\/v2\/posts"}],"about":[{"href":"https:\/\/radiocresatelital.com\/index.php?rest_route=\/wp\/v2\/types\/post"}],"author":[{"embeddable":true,"href":"https:\/\/radiocresatelital.com\/index.php?rest_route=\/wp\/v2\/users\/2"}],"replies":[{"embeddable":true,"href":"https:\/\/radiocresatelital.com\/index.php?rest_route=%2Fwp%2Fv2%2Fcomments&post=12894"}],"version-history":[{"count":1,"href":"https:\/\/radiocresatelital.com\/index.php?rest_route=\/wp\/v2\/posts\/12894\/revisions"}],"predecessor-version":[{"id":12896,"href":"https:\/\/radiocresatelital.com\/index.php?rest_route=\/wp\/v2\/posts\/12894\/revisions\/12896"}],"wp:featuredmedia":[{"embeddable":true,"href":"https:\/\/radiocresatelital.com\/index.php?rest_route=\/wp\/v2\/media\/12895"}],"wp:attachment":[{"href":"https:\/\/radiocresatelital.com\/index.php?rest_route=%2Fwp%2Fv2%2Fmedia&parent=12894"}],"wp:term":[{"taxonomy":"category","embeddable":true,"href":"https:\/\/radiocresatelital.com\/index.php?rest_route=%2Fwp%2Fv2%2Fcategories&post=12894"},{"taxonomy":"post_tag","embeddable":true,"href":"https:\/\/radiocresatelital.com\/index.php?rest_route=%2Fwp%2Fv2%2Ftags&post=12894"}],"curies":[{"name":"wp","href":"https:\/\/api.w.org\/{rel}","templated":true}]}}